{"id":115442,"date":"2023-02-28T10:18:04","date_gmt":"2023-02-28T13:18:04","guid":{"rendered":"https:\/\/eldiariodesanpedro.com.ar\/sitio\/?p=115442"},"modified":"2023-02-28T10:18:06","modified_gmt":"2023-02-28T13:18:06","slug":"robaron-una-vivienda-y-se-llevaron-un-maletin-con-dinero-en-efectivo","status":"publish","type":"post","link":"https:\/\/eldiariodesanpedro.com.ar\/sitio\/robaron-una-vivienda-y-se-llevaron-un-maletin-con-dinero-en-efectivo\/","title":{"rendered":"Robaron una vivienda y se llevaron un malet\u00edn con dinero en efectivo"},"content":{"rendered":"<!-- VideographyWP Plugin Message: Automatic video embedding prevented by plugin options. -->\n\n<p>Este domingo en horas de la ma\u00f1ana alrededor de las 08:00 hs, un ciudadano de 40 a\u00f1osdenuncio quepromediando las 02:00 hs del mismo d\u00eda se retir\u00f3 de su domicilio ubicado en calle Las Provincias al 1000, el mismo regresa a las 06:30 hs. y constata que la puerta de ingreso est\u00e1 da\u00f1ada y que en el interior revolvieron su habitaci\u00f3n y sustrajeron de su armario un malet\u00edn de cuero dinero y efectos personales.<\/p>\n\n\n\n<p>Tambi\u00e9n le sustrajeron un televisor marca LG de 32&#8243;, LCD, de color negro.<\/p>\n\n\n\n<p>Intervienen&nbsp; magistratura de turno.-&nbsp;<\/p>\n","protected":false},"excerpt":{"rendered":"<p>Este domingo en horas de la ma\u00f1ana alrededor de las 08:00 hs, un ciudadano de 40 a\u00f1osdenuncio quepromediando las 02:00 hs del mismo d\u00eda se retir\u00f3 de su domicilio ubicado en calle Las Provincias al 1000, el mismo regresa a las 06:30 hs. y constata que la puerta de ingreso est\u00e1 da\u00f1ada y que en [&hellip;]<\/p>\n","protected":false},"author":4,"featured_media":103024,"comment_status":"closed","ping_status":"closed","sticky":false,"template":"","format":"standard","meta":{"om_disable_all_campaigns":false,"_jetpack_memberships_contains_paid_content":false,"footnotes":""},"categories":[2,103],"tags":[197,33,95,19],"class_list":["post-115442","post","type-post","status-publish","format-standard","has-post-thumbnail","hentry","category-locales","category-policiales-locales","tag-buenos-aires","tag-locales","tag-policiales","tag-san-pedro"],"aioseo_notices":[],"gutentor_comment":0,"jetpack_featured_media_url":"https:\/\/eldiariodesanpedro.com.ar\/sitio\/wp-content\/uploads\/2022\/01\/Patrulla67-1024x680-1.jpg","jetpack_shortlink":"https:\/\/wp.me\/p6RhLt-u1Y","jetpack_sharing_enabled":true,"_links":{"self":[{"href":"https:\/\/eldiariodesanpedro.com.ar\/sitio\/wp-json\/wp\/v2\/posts\/115442","targetHints":{"allow":["GET"]}}],"collection":[{"href":"https:\/\/eldiariodesanpedro.com.ar\/sitio\/wp-json\/wp\/v2\/posts"}],"about":[{"href":"https:\/\/eldiariodesanpedro.com.ar\/sitio\/wp-json\/wp\/v2\/types\/post"}],"author":[{"embeddable":true,"href":"https:\/\/eldiariodesanpedro.com.ar\/sitio\/wp-json\/wp\/v2\/users\/4"}],"replies":[{"embeddable":true,"href":"https:\/\/eldiariodesanpedro.com.ar\/sitio\/wp-json\/wp\/v2\/comments?post=115442"}],"version-history":[{"count":1,"href":"https:\/\/eldiariodesanpedro.com.ar\/sitio\/wp-json\/wp\/v2\/posts\/115442\/revisions"}],"predecessor-version":[{"id":115443,"href":"https:\/\/eldiariodesanpedro.com.ar\/sitio\/wp-json\/wp\/v2\/posts\/115442\/revisions\/115443"}],"wp:featuredmedia":[{"embeddable":true,"href":"https:\/\/eldiariodesanpedro.com.ar\/sitio\/wp-json\/wp\/v2\/media\/103024"}],"wp:attachment":[{"href":"https:\/\/eldiariodesanpedro.com.ar\/sitio\/wp-json\/wp\/v2\/media?parent=115442"}],"wp:term":[{"taxonomy":"category","embeddable":true,"href":"https:\/\/eldiariodesanpedro.com.ar\/sitio\/wp-json\/wp\/v2\/categories?post=115442"},{"taxonomy":"post_tag","embeddable":true,"href":"https:\/\/eldiariodesanpedro.com.ar\/sitio\/wp-json\/wp\/v2\/tags?post=115442"}],"curies":[{"name":"wp","href":"https:\/\/api.w.org\/{rel}","templated":true}]}}