{"id":115439,"date":"2023-02-28T10:13:30","date_gmt":"2023-02-28T13:13:30","guid":{"rendered":"https:\/\/eldiariodesanpedro.com.ar\/sitio\/?p=115439"},"modified":"2023-02-28T10:13:32","modified_gmt":"2023-02-28T13:13:32","slug":"clausuraron-una-jineteada-que-se-realizaba-ilegalmente-en-la-tosquera","status":"publish","type":"post","link":"https:\/\/eldiariodesanpedro.com.ar\/sitio\/clausuraron-una-jineteada-que-se-realizaba-ilegalmente-en-la-tosquera\/","title":{"rendered":"Clausuraron una jineteada que se realizaba ilegalmente en La Tosquera"},"content":{"rendered":"<!-- VideographyWP Plugin Message: Automatic video embedding prevented by plugin options. -->\n\n<p>Este domingo, el personal policial del destacamento de R\u00edo Tala y destacamento La Tosquera, en el marco de la ley 11.748\/89 juntamente con personal \u00e1rea de inspecci\u00f3n municipal, se hacen presente en predio Centro Tradicionalista Arroyo Benavidez ubicado en calle Ale Guzm\u00e1n S\/N de Bajo Tala, que el lugar labran acta de infracci\u00f3n a su organizador un ciudadano de 43 a\u00f1os, quien carec\u00eda de habilitaci\u00f3n y permiso municipal c\u00f3mo dem\u00e1s estamentos observados en la ley, en cuanto a la jineteadas de potros. Tomo intervenci\u00f3n el Juez de Paz San Pedro por contravenci\u00f3n.<\/p>\n","protected":false},"excerpt":{"rendered":"<p>Este domingo, el personal policial del destacamento de R\u00edo Tala y destacamento La Tosquera, en el marco de la ley 11.748\/89 juntamente con personal \u00e1rea de inspecci\u00f3n municipal, se hacen presente en predio Centro Tradicionalista Arroyo Benavidez ubicado en calle Ale Guzm\u00e1n S\/N de Bajo Tala, que el lugar labran acta de infracci\u00f3n a su [&hellip;]<\/p>\n","protected":false},"author":4,"featured_media":115440,"comment_status":"closed","ping_status":"closed","sticky":false,"template":"","format":"standard","meta":{"om_disable_all_campaigns":false,"_jetpack_memberships_contains_paid_content":false,"footnotes":""},"categories":[2,103],"tags":[197,33,95,19],"class_list":["post-115439","post","type-post","status-publish","format-standard","has-post-thumbnail","hentry","category-locales","category-policiales-locales","tag-buenos-aires","tag-locales","tag-policiales","tag-san-pedro"],"aioseo_notices":[],"gutentor_comment":0,"jetpack_featured_media_url":"https:\/\/eldiariodesanpedro.com.ar\/sitio\/wp-content\/uploads\/2023\/02\/medida-2-24.jpg","jetpack_shortlink":"https:\/\/wp.me\/p6RhLt-u1V","jetpack_sharing_enabled":true,"_links":{"self":[{"href":"https:\/\/eldiariodesanpedro.com.ar\/sitio\/wp-json\/wp\/v2\/posts\/115439","targetHints":{"allow":["GET"]}}],"collection":[{"href":"https:\/\/eldiariodesanpedro.com.ar\/sitio\/wp-json\/wp\/v2\/posts"}],"about":[{"href":"https:\/\/eldiariodesanpedro.com.ar\/sitio\/wp-json\/wp\/v2\/types\/post"}],"author":[{"embeddable":true,"href":"https:\/\/eldiariodesanpedro.com.ar\/sitio\/wp-json\/wp\/v2\/users\/4"}],"replies":[{"embeddable":true,"href":"https:\/\/eldiariodesanpedro.com.ar\/sitio\/wp-json\/wp\/v2\/comments?post=115439"}],"version-history":[{"count":1,"href":"https:\/\/eldiariodesanpedro.com.ar\/sitio\/wp-json\/wp\/v2\/posts\/115439\/revisions"}],"predecessor-version":[{"id":115441,"href":"https:\/\/eldiariodesanpedro.com.ar\/sitio\/wp-json\/wp\/v2\/posts\/115439\/revisions\/115441"}],"wp:featuredmedia":[{"embeddable":true,"href":"https:\/\/eldiariodesanpedro.com.ar\/sitio\/wp-json\/wp\/v2\/media\/115440"}],"wp:attachment":[{"href":"https:\/\/eldiariodesanpedro.com.ar\/sitio\/wp-json\/wp\/v2\/media?parent=115439"}],"wp:term":[{"taxonomy":"category","embeddable":true,"href":"https:\/\/eldiariodesanpedro.com.ar\/sitio\/wp-json\/wp\/v2\/categories?post=115439"},{"taxonomy":"post_tag","embeddable":true,"href":"https:\/\/eldiariodesanpedro.com.ar\/sitio\/wp-json\/wp\/v2\/tags?post=115439"}],"curies":[{"name":"wp","href":"https:\/\/api.w.org\/{rel}","templated":true}]}}