{"id":115436,"date":"2023-02-28T10:01:47","date_gmt":"2023-02-28T13:01:47","guid":{"rendered":"https:\/\/eldiariodesanpedro.com.ar\/sitio\/?p=115436"},"modified":"2023-02-28T10:01:49","modified_gmt":"2023-02-28T13:01:49","slug":"una-persona-violenta-amenazo-de-muerte-a-du-pareja-y-fue-aprehendido","status":"publish","type":"post","link":"https:\/\/eldiariodesanpedro.com.ar\/sitio\/una-persona-violenta-amenazo-de-muerte-a-du-pareja-y-fue-aprehendido\/","title":{"rendered":"Una persona violenta amenazo de muerte a du pareja y fue aprehendido"},"content":{"rendered":"<!-- VideographyWP Plugin Message: Automatic video embedding prevented by plugin options. -->\n\n<p>Este domingo se realiz\u00f3 una llamado al 911 solicitando el personal policial en calle Casella N\u00b01000 de nuestra ciudad, donde se procedi\u00f3 a la aprehensi\u00f3n de ciudadano de 31 a\u00f1os, quien frente a los efectivos policiales le refiere amenazas verbales a su&nbsp; pareja una mujer de 29 a\u00f1os<strong>.<\/strong><\/p>\n\n\n\n<p>La victima trasladada y asistida a la Comisaria de la Mujer y la Familia de San Pedro. Intervino la UFI 05 en turno a cargo de Marcelo Manso,&nbsp; dispone notificaci\u00f3n del art 60 CPP por delito de marras posterior libertad ART 161 mismo tenor.-<\/p>\n","protected":false},"excerpt":{"rendered":"<p>Este domingo se realiz\u00f3 una llamado al 911 solicitando el personal policial en calle Casella N\u00b01000 de nuestra ciudad, donde se procedi\u00f3 a la aprehensi\u00f3n de ciudadano de 31 a\u00f1os, quien frente a los efectivos policiales le refiere amenazas verbales a su&nbsp; pareja una mujer de 29 a\u00f1os. La victima trasladada y asistida a la [&hellip;]<\/p>\n","protected":false},"author":4,"featured_media":115437,"comment_status":"closed","ping_status":"closed","sticky":false,"template":"","format":"standard","meta":{"om_disable_all_campaigns":false,"_jetpack_memberships_contains_paid_content":false,"footnotes":""},"categories":[2,103],"tags":[197,33,95,19],"class_list":["post-115436","post","type-post","status-publish","format-standard","has-post-thumbnail","hentry","category-locales","category-policiales-locales","tag-buenos-aires","tag-locales","tag-policiales","tag-san-pedro"],"aioseo_notices":[],"gutentor_comment":0,"jetpack_featured_media_url":"https:\/\/eldiariodesanpedro.com.ar\/sitio\/wp-content\/uploads\/2023\/02\/medida-2-23.jpg","jetpack_shortlink":"https:\/\/wp.me\/p6RhLt-u1S","jetpack_sharing_enabled":true,"_links":{"self":[{"href":"https:\/\/eldiariodesanpedro.com.ar\/sitio\/wp-json\/wp\/v2\/posts\/115436","targetHints":{"allow":["GET"]}}],"collection":[{"href":"https:\/\/eldiariodesanpedro.com.ar\/sitio\/wp-json\/wp\/v2\/posts"}],"about":[{"href":"https:\/\/eldiariodesanpedro.com.ar\/sitio\/wp-json\/wp\/v2\/types\/post"}],"author":[{"embeddable":true,"href":"https:\/\/eldiariodesanpedro.com.ar\/sitio\/wp-json\/wp\/v2\/users\/4"}],"replies":[{"embeddable":true,"href":"https:\/\/eldiariodesanpedro.com.ar\/sitio\/wp-json\/wp\/v2\/comments?post=115436"}],"version-history":[{"count":1,"href":"https:\/\/eldiariodesanpedro.com.ar\/sitio\/wp-json\/wp\/v2\/posts\/115436\/revisions"}],"predecessor-version":[{"id":115438,"href":"https:\/\/eldiariodesanpedro.com.ar\/sitio\/wp-json\/wp\/v2\/posts\/115436\/revisions\/115438"}],"wp:featuredmedia":[{"embeddable":true,"href":"https:\/\/eldiariodesanpedro.com.ar\/sitio\/wp-json\/wp\/v2\/media\/115437"}],"wp:attachment":[{"href":"https:\/\/eldiariodesanpedro.com.ar\/sitio\/wp-json\/wp\/v2\/media?parent=115436"}],"wp:term":[{"taxonomy":"category","embeddable":true,"href":"https:\/\/eldiariodesanpedro.com.ar\/sitio\/wp-json\/wp\/v2\/categories?post=115436"},{"taxonomy":"post_tag","embeddable":true,"href":"https:\/\/eldiariodesanpedro.com.ar\/sitio\/wp-json\/wp\/v2\/tags?post=115436"}],"curies":[{"name":"wp","href":"https:\/\/api.w.org\/{rel}","templated":true}]}}