{"id":115429,"date":"2023-02-27T19:41:39","date_gmt":"2023-02-27T22:41:39","guid":{"rendered":"https:\/\/eldiariodesanpedro.com.ar\/sitio\/?p=115429"},"modified":"2023-02-27T19:41:41","modified_gmt":"2023-02-27T22:41:41","slug":"visita-de-la-ministra-de-ambiente-de-la-provincia-de-buenos-aires-daniela-vilar","status":"publish","type":"post","link":"https:\/\/eldiariodesanpedro.com.ar\/sitio\/visita-de-la-ministra-de-ambiente-de-la-provincia-de-buenos-aires-daniela-vilar\/","title":{"rendered":"Visita de la Ministra de Ambiente de la Provincia de Buenos Aires, Daniela Vilar"},"content":{"rendered":"<!-- VideographyWP Plugin Message: Automatic video embedding prevented by plugin options. -->\n\n<p>Tal como hab\u00eda sido comprometido hace algunas semanas y ratificado en la presentaci\u00f3n del pasado 24 de febrero del programa Buenos Aires Recicla, lleg\u00f3 hoy a San Pedro la Ministra de Ambiente de PBA, Daniela Vilar.<\/p>\n\n\n\n<p>Se entrevist\u00f3 con el Intendente Ram\u00f3n Salazar en un encuentro que tambi\u00e9n cont\u00f3 con la participaci\u00f3n de Jackie Flores, Subsecretaria de Residuos S\u00f3lidos Urbanos y Econom\u00eda Circular, junto a funcionarios de su equipo; el Secretario de Coordinaci\u00f3n, Luciano Arias; el Director de Ambiente, Gustavo Sol\u00e1, la concejala Rita Leguizam\u00f3n y la titular de la UDAI de ANSES Tamara Vlaeminck.<\/p>\n\n\n\n<p>En la jornada visitaron las instalaciones que la Municipalidad ha comenzado a arrendar para que el Movimiento de Trabajadores Excluidos realice la tarea de clasificaci\u00f3n de residuos, hasta tanto se concrete la proyectada planta de reciclaje en el Barrio La Tosquera.<\/p>\n\n\n\n<p>El grupo que trabaja diariamente con los residuos como fuente de su sustento recibi\u00f3 un Auto elevador Clark, una balanza de piso, bolsones y una prensadora de cart\u00f3n con cinta, que ser\u00e1 parte de las futuras instalaciones.<\/p>\n\n\n\n<p>Las y los trabajadores que han sido incluidos en el reciente censo que se implement\u00f3 dentro del programa, agradecieron este aporte y reiteraron la importancia de una planificaci\u00f3n sostenida en el tiempo.<\/p>\n\n\n\n<p>Parte de la delegaci\u00f3n complet\u00f3 su visita en el Barrio La Tosquera donde se construye un Sal\u00f3n de Usos M\u00faltiples y el predio donde se construir\u00e1 la planta de reciclado que contar\u00e1 con una superficie cubierta de 33 x 55 y un techado de 9m de altura.<\/p>\n\n\n\n<figure class=\"wp-block-image size-full\"><img decoding=\"async\" width=\"946\" height=\"630\" data-attachment-id=\"115431\" data-permalink=\"https:\/\/eldiariodesanpedro.com.ar\/sitio\/visita-de-la-ministra-de-ambiente-de-la-provincia-de-buenos-aires-daniela-vilar\/whatsapp-image-2023-02-27-at-19-25-37\/\" data-orig-file=\"https:\/\/eldiariodesanpedro.com.ar\/sitio\/wp-content\/uploads\/2023\/02\/WhatsApp-Image-2023-02-27-at-19.25.37.jpeg\" data-orig-size=\"946,630\" data-comments-opened=\"0\" data-image-meta=\"{&quot;aperture&quot;:&quot;0&quot;,&quot;credit&quot;:&quot;&quot;,&quot;camera&quot;:&quot;&quot;,&quot;caption&quot;:&quot;&quot;,&quot;created_timestamp&quot;:&quot;0&quot;,&quot;copyright&quot;:&quot;&quot;,&quot;focal_length&quot;:&quot;0&quot;,&quot;iso&quot;:&quot;0&quot;,&quot;shutter_speed&quot;:&quot;0&quot;,&quot;title&quot;:&quot;&quot;,&quot;orientation&quot;:&quot;0&quot;}\" data-image-title=\"WhatsApp Image 2023-02-27 at 19.25.37\" data-image-description=\"\" data-image-caption=\"\" data-large-file=\"https:\/\/eldiariodesanpedro.com.ar\/sitio\/wp-content\/uploads\/2023\/02\/WhatsApp-Image-2023-02-27-at-19.25.37.jpeg\" data-src=\"https:\/\/eldiariodesanpedro.com.ar\/sitio\/wp-content\/uploads\/2023\/02\/WhatsApp-Image-2023-02-27-at-19.25.37.jpeg\" alt=\"\" class=\"wp-image-115431 lazyload\" data-srcset=\"https:\/\/eldiariodesanpedro.com.ar\/sitio\/wp-content\/uploads\/2023\/02\/WhatsApp-Image-2023-02-27-at-19.25.37.jpeg 946w, https:\/\/eldiariodesanpedro.com.ar\/sitio\/wp-content\/uploads\/2023\/02\/WhatsApp-Image-2023-02-27-at-19.25.37-300x200.jpeg 300w, https:\/\/eldiariodesanpedro.com.ar\/sitio\/wp-content\/uploads\/2023\/02\/WhatsApp-Image-2023-02-27-at-19.25.37-768x511.jpeg 768w\" data-sizes=\"(max-width: 946px) 100vw, 946px\" src=\"data:image\/svg+xml;base64,PHN2ZyB3aWR0aD0iMSIgaGVpZ2h0PSIxIiB4bWxucz0iaHR0cDovL3d3dy53My5vcmcvMjAwMC9zdmciPjwvc3ZnPg==\" style=\"--smush-placeholder-width: 946px; --smush-placeholder-aspect-ratio: 946\/630;\" \/><\/figure>\n\n\n\n<figure class=\"wp-block-image size-full\"><img decoding=\"async\" width=\"946\" height=\"630\" data-attachment-id=\"115432\" data-permalink=\"https:\/\/eldiariodesanpedro.com.ar\/sitio\/visita-de-la-ministra-de-ambiente-de-la-provincia-de-buenos-aires-daniela-vilar\/whatsapp-image-2023-02-27-at-19-25-38\/\" data-orig-file=\"https:\/\/eldiariodesanpedro.com.ar\/sitio\/wp-content\/uploads\/2023\/02\/WhatsApp-Image-2023-02-27-at-19.25.38.jpeg\" data-orig-size=\"946,630\" data-comments-opened=\"0\" data-image-meta=\"{&quot;aperture&quot;:&quot;0&quot;,&quot;credit&quot;:&quot;&quot;,&quot;camera&quot;:&quot;&quot;,&quot;caption&quot;:&quot;&quot;,&quot;created_timestamp&quot;:&quot;0&quot;,&quot;copyright&quot;:&quot;&quot;,&quot;focal_length&quot;:&quot;0&quot;,&quot;iso&quot;:&quot;0&quot;,&quot;shutter_speed&quot;:&quot;0&quot;,&quot;title&quot;:&quot;&quot;,&quot;orientation&quot;:&quot;0&quot;}\" data-image-title=\"WhatsApp Image 2023-02-27 at 19.25.38\" data-image-description=\"\" data-image-caption=\"\" data-large-file=\"https:\/\/eldiariodesanpedro.com.ar\/sitio\/wp-content\/uploads\/2023\/02\/WhatsApp-Image-2023-02-27-at-19.25.38.jpeg\" data-src=\"https:\/\/eldiariodesanpedro.com.ar\/sitio\/wp-content\/uploads\/2023\/02\/WhatsApp-Image-2023-02-27-at-19.25.38.jpeg\" alt=\"\" class=\"wp-image-115432 lazyload\" data-srcset=\"https:\/\/eldiariodesanpedro.com.ar\/sitio\/wp-content\/uploads\/2023\/02\/WhatsApp-Image-2023-02-27-at-19.25.38.jpeg 946w, https:\/\/eldiariodesanpedro.com.ar\/sitio\/wp-content\/uploads\/2023\/02\/WhatsApp-Image-2023-02-27-at-19.25.38-300x200.jpeg 300w, https:\/\/eldiariodesanpedro.com.ar\/sitio\/wp-content\/uploads\/2023\/02\/WhatsApp-Image-2023-02-27-at-19.25.38-768x511.jpeg 768w\" data-sizes=\"(max-width: 946px) 100vw, 946px\" src=\"data:image\/svg+xml;base64,PHN2ZyB3aWR0aD0iMSIgaGVpZ2h0PSIxIiB4bWxucz0iaHR0cDovL3d3dy53My5vcmcvMjAwMC9zdmciPjwvc3ZnPg==\" style=\"--smush-placeholder-width: 946px; --smush-placeholder-aspect-ratio: 946\/630;\" \/><\/figure>\n\n\n\n<figure class=\"wp-block-image size-full\"><img decoding=\"async\" width=\"946\" height=\"630\" data-attachment-id=\"115434\" data-permalink=\"https:\/\/eldiariodesanpedro.com.ar\/sitio\/visita-de-la-ministra-de-ambiente-de-la-provincia-de-buenos-aires-daniela-vilar\/whatsapp-image-2023-02-27-at-19-25-39\/\" data-orig-file=\"https:\/\/eldiariodesanpedro.com.ar\/sitio\/wp-content\/uploads\/2023\/02\/WhatsApp-Image-2023-02-27-at-19.25.39.jpeg\" data-orig-size=\"946,630\" data-comments-opened=\"0\" data-image-meta=\"{&quot;aperture&quot;:&quot;0&quot;,&quot;credit&quot;:&quot;&quot;,&quot;camera&quot;:&quot;&quot;,&quot;caption&quot;:&quot;&quot;,&quot;created_timestamp&quot;:&quot;0&quot;,&quot;copyright&quot;:&quot;&quot;,&quot;focal_length&quot;:&quot;0&quot;,&quot;iso&quot;:&quot;0&quot;,&quot;shutter_speed&quot;:&quot;0&quot;,&quot;title&quot;:&quot;&quot;,&quot;orientation&quot;:&quot;0&quot;}\" data-image-title=\"WhatsApp Image 2023-02-27 at 19.25.39\" data-image-description=\"\" data-image-caption=\"\" data-large-file=\"https:\/\/eldiariodesanpedro.com.ar\/sitio\/wp-content\/uploads\/2023\/02\/WhatsApp-Image-2023-02-27-at-19.25.39.jpeg\" data-src=\"https:\/\/eldiariodesanpedro.com.ar\/sitio\/wp-content\/uploads\/2023\/02\/WhatsApp-Image-2023-02-27-at-19.25.39.jpeg\" alt=\"\" class=\"wp-image-115434 lazyload\" data-srcset=\"https:\/\/eldiariodesanpedro.com.ar\/sitio\/wp-content\/uploads\/2023\/02\/WhatsApp-Image-2023-02-27-at-19.25.39.jpeg 946w, https:\/\/eldiariodesanpedro.com.ar\/sitio\/wp-content\/uploads\/2023\/02\/WhatsApp-Image-2023-02-27-at-19.25.39-300x200.jpeg 300w, https:\/\/eldiariodesanpedro.com.ar\/sitio\/wp-content\/uploads\/2023\/02\/WhatsApp-Image-2023-02-27-at-19.25.39-768x511.jpeg 768w\" data-sizes=\"(max-width: 946px) 100vw, 946px\" src=\"data:image\/svg+xml;base64,PHN2ZyB3aWR0aD0iMSIgaGVpZ2h0PSIxIiB4bWxucz0iaHR0cDovL3d3dy53My5vcmcvMjAwMC9zdmciPjwvc3ZnPg==\" style=\"--smush-placeholder-width: 946px; --smush-placeholder-aspect-ratio: 946\/630;\" \/><\/figure>\n","protected":false},"excerpt":{"rendered":"<p>Tal como hab\u00eda sido comprometido hace algunas semanas y ratificado en la presentaci\u00f3n del pasado 24 de febrero del programa Buenos Aires Recicla, lleg\u00f3 hoy a San Pedro la Ministra de Ambiente de PBA, Daniela Vilar. Se entrevist\u00f3 con el Intendente Ram\u00f3n Salazar en un encuentro que tambi\u00e9n cont\u00f3 con la participaci\u00f3n de Jackie Flores, [&hellip;]<\/p>\n","protected":false},"author":4,"featured_media":115433,"comment_status":"closed","ping_status":"closed","sticky":false,"template":"","format":"standard","meta":{"om_disable_all_campaigns":false,"_jetpack_memberships_contains_paid_content":false,"footnotes":""},"categories":[50,101,2],"tags":[197,696,33,19],"class_list":["post-115429","post","type-post","status-publish","format-standard","has-post-thumbnail","hentry","category-destacadas","category-interes-general-locales","category-locales","tag-buenos-aires","tag-interes-general","tag-locales","tag-san-pedro"],"aioseo_notices":[],"gutentor_comment":0,"jetpack_featured_media_url":"https:\/\/eldiariodesanpedro.com.ar\/sitio\/wp-content\/uploads\/2023\/02\/WhatsApp-Image-2023-02-27-at-19.25.39-1.jpeg","jetpack_shortlink":"https:\/\/wp.me\/p6RhLt-u1L","jetpack_sharing_enabled":true,"_links":{"self":[{"href":"https:\/\/eldiariodesanpedro.com.ar\/sitio\/wp-json\/wp\/v2\/posts\/115429","targetHints":{"allow":["GET"]}}],"collection":[{"href":"https:\/\/eldiariodesanpedro.com.ar\/sitio\/wp-json\/wp\/v2\/posts"}],"about":[{"href":"https:\/\/eldiariodesanpedro.com.ar\/sitio\/wp-json\/wp\/v2\/types\/post"}],"author":[{"embeddable":true,"href":"https:\/\/eldiariodesanpedro.com.ar\/sitio\/wp-json\/wp\/v2\/users\/4"}],"replies":[{"embeddable":true,"href":"https:\/\/eldiariodesanpedro.com.ar\/sitio\/wp-json\/wp\/v2\/comments?post=115429"}],"version-history":[{"count":1,"href":"https:\/\/eldiariodesanpedro.com.ar\/sitio\/wp-json\/wp\/v2\/posts\/115429\/revisions"}],"predecessor-version":[{"id":115435,"href":"https:\/\/eldiariodesanpedro.com.ar\/sitio\/wp-json\/wp\/v2\/posts\/115429\/revisions\/115435"}],"wp:featuredmedia":[{"embeddable":true,"href":"https:\/\/eldiariodesanpedro.com.ar\/sitio\/wp-json\/wp\/v2\/media\/115433"}],"wp:attachment":[{"href":"https:\/\/eldiariodesanpedro.com.ar\/sitio\/wp-json\/wp\/v2\/media?parent=115429"}],"wp:term":[{"taxonomy":"category","embeddable":true,"href":"https:\/\/eldiariodesanpedro.com.ar\/sitio\/wp-json\/wp\/v2\/categories?post=115429"},{"taxonomy":"post_tag","embeddable":true,"href":"https:\/\/eldiariodesanpedro.com.ar\/sitio\/wp-json\/wp\/v2\/tags?post=115429"}],"curies":[{"name":"wp","href":"https:\/\/api.w.org\/{rel}","templated":true}]}}