{"id":115425,"date":"2023-02-27T19:37:22","date_gmt":"2023-02-27T22:37:22","guid":{"rendered":"https:\/\/eldiariodesanpedro.com.ar\/sitio\/?p=115425"},"modified":"2023-02-27T19:37:24","modified_gmt":"2023-02-27T22:37:24","slug":"ultimos-dias-para-la-convocatoria-abierta-a-talleres-culturales-barriales","status":"publish","type":"post","link":"https:\/\/eldiariodesanpedro.com.ar\/sitio\/ultimos-dias-para-la-convocatoria-abierta-a-talleres-culturales-barriales\/","title":{"rendered":"\u00daltimos d\u00edas para la convocatoria abierta a \u00abTalleres Culturales Barriales\u00bb"},"content":{"rendered":"<!-- VideographyWP Plugin Message: Automatic video embedding prevented by plugin options. -->\n\n<p>La Secretar\u00eda de Turismo y Cultura de la Municipalidad de San Pedro conjuntamente con la Comisi\u00f3n de Promoci\u00f3n Cultural del Honorable Concejo Deliberante recuerdan que se encuentra abierta la convocatoria a la presentaci\u00f3n de proyectos para participar en el desarrollo de \u00abTalleres Culturales Barriales\u00bb.<\/p>\n\n\n\n<p>Quienes deseen enviar sus proyectos podr\u00e1n presentar el material, hasta el martes 28 de febrero, en el Centro Cultural Abelardo Castillo, ubicado en 25 de mayo 848, de lunes a viernes de 8 a 20 hs. o por mail a cultura@sanpedro.gob.ar<\/p>\n\n\n\n<p>Si fuiste tallerista en la edici\u00f3n 2022 y quer\u00e9s seguir participando record\u00e1 actualizar la propuesta para que pueda ser evaluada nuevamente.<\/p>\n\n\n\n<figure class=\"wp-block-image size-full\"><img decoding=\"async\" width=\"630\" height=\"630\" data-attachment-id=\"115426\" data-permalink=\"https:\/\/eldiariodesanpedro.com.ar\/sitio\/ultimos-dias-para-la-convocatoria-abierta-a-talleres-culturales-barriales\/whatsapp-image-2023-02-27-at-11-26-21\/\" data-orig-file=\"https:\/\/eldiariodesanpedro.com.ar\/sitio\/wp-content\/uploads\/2023\/02\/WhatsApp-Image-2023-02-27-at-11.26.21.jpeg\" data-orig-size=\"630,630\" data-comments-opened=\"0\" data-image-meta=\"{&quot;aperture&quot;:&quot;0&quot;,&quot;credit&quot;:&quot;&quot;,&quot;camera&quot;:&quot;&quot;,&quot;caption&quot;:&quot;&quot;,&quot;created_timestamp&quot;:&quot;0&quot;,&quot;copyright&quot;:&quot;&quot;,&quot;focal_length&quot;:&quot;0&quot;,&quot;iso&quot;:&quot;0&quot;,&quot;shutter_speed&quot;:&quot;0&quot;,&quot;title&quot;:&quot;&quot;,&quot;orientation&quot;:&quot;0&quot;}\" data-image-title=\"WhatsApp Image 2023-02-27 at 11.26.21\" data-image-description=\"\" data-image-caption=\"\" data-large-file=\"https:\/\/eldiariodesanpedro.com.ar\/sitio\/wp-content\/uploads\/2023\/02\/WhatsApp-Image-2023-02-27-at-11.26.21.jpeg\" data-src=\"https:\/\/eldiariodesanpedro.com.ar\/sitio\/wp-content\/uploads\/2023\/02\/WhatsApp-Image-2023-02-27-at-11.26.21.jpeg\" alt=\"\" class=\"wp-image-115426 lazyload\" data-srcset=\"https:\/\/eldiariodesanpedro.com.ar\/sitio\/wp-content\/uploads\/2023\/02\/WhatsApp-Image-2023-02-27-at-11.26.21.jpeg 630w, https:\/\/eldiariodesanpedro.com.ar\/sitio\/wp-content\/uploads\/2023\/02\/WhatsApp-Image-2023-02-27-at-11.26.21-300x300.jpeg 300w, https:\/\/eldiariodesanpedro.com.ar\/sitio\/wp-content\/uploads\/2023\/02\/WhatsApp-Image-2023-02-27-at-11.26.21-150x150.jpeg 150w\" data-sizes=\"(max-width: 630px) 100vw, 630px\" src=\"data:image\/svg+xml;base64,PHN2ZyB3aWR0aD0iMSIgaGVpZ2h0PSIxIiB4bWxucz0iaHR0cDovL3d3dy53My5vcmcvMjAwMC9zdmciPjwvc3ZnPg==\" style=\"--smush-placeholder-width: 630px; --smush-placeholder-aspect-ratio: 630\/630;\" \/><\/figure>\n","protected":false},"excerpt":{"rendered":"<p>La Secretar\u00eda de Turismo y Cultura de la Municipalidad de San Pedro conjuntamente con la Comisi\u00f3n de Promoci\u00f3n Cultural del Honorable Concejo Deliberante recuerdan que se encuentra abierta la convocatoria a la presentaci\u00f3n de proyectos para participar en el desarrollo de \u00abTalleres Culturales Barriales\u00bb. Quienes deseen enviar sus proyectos podr\u00e1n presentar el material, hasta el [&hellip;]<\/p>\n","protected":false},"author":4,"featured_media":115427,"comment_status":"closed","ping_status":"closed","sticky":false,"template":"","format":"standard","meta":{"om_disable_all_campaigns":false,"_jetpack_memberships_contains_paid_content":false,"footnotes":""},"categories":[101,2],"tags":[197,696,33,19],"class_list":["post-115425","post","type-post","status-publish","format-standard","has-post-thumbnail","hentry","category-interes-general-locales","category-locales","tag-buenos-aires","tag-interes-general","tag-locales","tag-san-pedro"],"aioseo_notices":[],"gutentor_comment":0,"jetpack_featured_media_url":"https:\/\/eldiariodesanpedro.com.ar\/sitio\/wp-content\/uploads\/2023\/02\/talleres-culturales.jpg","jetpack_shortlink":"https:\/\/wp.me\/p6RhLt-u1H","jetpack_sharing_enabled":true,"_links":{"self":[{"href":"https:\/\/eldiariodesanpedro.com.ar\/sitio\/wp-json\/wp\/v2\/posts\/115425","targetHints":{"allow":["GET"]}}],"collection":[{"href":"https:\/\/eldiariodesanpedro.com.ar\/sitio\/wp-json\/wp\/v2\/posts"}],"about":[{"href":"https:\/\/eldiariodesanpedro.com.ar\/sitio\/wp-json\/wp\/v2\/types\/post"}],"author":[{"embeddable":true,"href":"https:\/\/eldiariodesanpedro.com.ar\/sitio\/wp-json\/wp\/v2\/users\/4"}],"replies":[{"embeddable":true,"href":"https:\/\/eldiariodesanpedro.com.ar\/sitio\/wp-json\/wp\/v2\/comments?post=115425"}],"version-history":[{"count":1,"href":"https:\/\/eldiariodesanpedro.com.ar\/sitio\/wp-json\/wp\/v2\/posts\/115425\/revisions"}],"predecessor-version":[{"id":115428,"href":"https:\/\/eldiariodesanpedro.com.ar\/sitio\/wp-json\/wp\/v2\/posts\/115425\/revisions\/115428"}],"wp:featuredmedia":[{"embeddable":true,"href":"https:\/\/eldiariodesanpedro.com.ar\/sitio\/wp-json\/wp\/v2\/media\/115427"}],"wp:attachment":[{"href":"https:\/\/eldiariodesanpedro.com.ar\/sitio\/wp-json\/wp\/v2\/media?parent=115425"}],"wp:term":[{"taxonomy":"category","embeddable":true,"href":"https:\/\/eldiariodesanpedro.com.ar\/sitio\/wp-json\/wp\/v2\/categories?post=115425"},{"taxonomy":"post_tag","embeddable":true,"href":"https:\/\/eldiariodesanpedro.com.ar\/sitio\/wp-json\/wp\/v2\/tags?post=115425"}],"curies":[{"name":"wp","href":"https:\/\/api.w.org\/{rel}","templated":true}]}}