{"id":115423,"date":"2023-02-27T19:30:53","date_gmt":"2023-02-27T22:30:53","guid":{"rendered":"https:\/\/eldiariodesanpedro.com.ar\/sitio\/?p=115423"},"modified":"2023-02-27T19:30:54","modified_gmt":"2023-02-27T22:30:54","slug":"campana-de-esterilizacion-y-vacunacion-para-caninos-y-felinos","status":"publish","type":"post","link":"https:\/\/eldiariodesanpedro.com.ar\/sitio\/campana-de-esterilizacion-y-vacunacion-para-caninos-y-felinos\/","title":{"rendered":"Campa\u00f1a de esterilizaci\u00f3n y vacunaci\u00f3n para caninos y felinos"},"content":{"rendered":"<!-- VideographyWP Plugin Message: Automatic video embedding prevented by plugin options. -->\n\n<p>El Departamento Canino de la Secretar\u00eda de Salud informa que, continuando con la campa\u00f1a de esterilizaci\u00f3n y vacunaci\u00f3n para perros y gatos, se llevar\u00e1 a cabo una jornada de castraci\u00f3n y vacunaci\u00f3n antirr\u00e1bica en el Centro Integrador Comunitario, ubicado en Hermano Indio y Casella, los d\u00edas jueves 2 y viernes 3 de marzo desde las 8.00 hs.<\/p>\n\n\n\n<p>La actividad se desarrollar\u00e1 con cupos limitados y por orden de llegada, por lo que se invita a los vecinos del barrio acercar a sus mascotas con collar, correa y bozal en caso de caninos y en bolso o manta los felinos.<\/p>\n","protected":false},"excerpt":{"rendered":"<p>El Departamento Canino de la Secretar\u00eda de Salud informa que, continuando con la campa\u00f1a de esterilizaci\u00f3n y vacunaci\u00f3n para perros y gatos, se llevar\u00e1 a cabo una jornada de castraci\u00f3n y vacunaci\u00f3n antirr\u00e1bica en el Centro Integrador Comunitario, ubicado en Hermano Indio y Casella, los d\u00edas jueves 2 y viernes 3 de marzo desde las [&hellip;]<\/p>\n","protected":false},"author":4,"featured_media":18617,"comment_status":"closed","ping_status":"closed","sticky":false,"template":"","format":"standard","meta":{"om_disable_all_campaigns":false,"_jetpack_memberships_contains_paid_content":false,"footnotes":""},"categories":[101,2],"tags":[197,696,33,19],"class_list":["post-115423","post","type-post","status-publish","format-standard","has-post-thumbnail","hentry","category-interes-general-locales","category-locales","tag-buenos-aires","tag-interes-general","tag-locales","tag-san-pedro"],"aioseo_notices":[],"gutentor_comment":0,"jetpack_featured_media_url":"https:\/\/eldiariodesanpedro.com.ar\/sitio\/wp-content\/uploads\/2017\/05\/vacunacion-perro.jpg","jetpack_shortlink":"https:\/\/wp.me\/p6RhLt-u1F","jetpack_sharing_enabled":true,"_links":{"self":[{"href":"https:\/\/eldiariodesanpedro.com.ar\/sitio\/wp-json\/wp\/v2\/posts\/115423","targetHints":{"allow":["GET"]}}],"collection":[{"href":"https:\/\/eldiariodesanpedro.com.ar\/sitio\/wp-json\/wp\/v2\/posts"}],"about":[{"href":"https:\/\/eldiariodesanpedro.com.ar\/sitio\/wp-json\/wp\/v2\/types\/post"}],"author":[{"embeddable":true,"href":"https:\/\/eldiariodesanpedro.com.ar\/sitio\/wp-json\/wp\/v2\/users\/4"}],"replies":[{"embeddable":true,"href":"https:\/\/eldiariodesanpedro.com.ar\/sitio\/wp-json\/wp\/v2\/comments?post=115423"}],"version-history":[{"count":1,"href":"https:\/\/eldiariodesanpedro.com.ar\/sitio\/wp-json\/wp\/v2\/posts\/115423\/revisions"}],"predecessor-version":[{"id":115424,"href":"https:\/\/eldiariodesanpedro.com.ar\/sitio\/wp-json\/wp\/v2\/posts\/115423\/revisions\/115424"}],"wp:featuredmedia":[{"embeddable":true,"href":"https:\/\/eldiariodesanpedro.com.ar\/sitio\/wp-json\/wp\/v2\/media\/18617"}],"wp:attachment":[{"href":"https:\/\/eldiariodesanpedro.com.ar\/sitio\/wp-json\/wp\/v2\/media?parent=115423"}],"wp:term":[{"taxonomy":"category","embeddable":true,"href":"https:\/\/eldiariodesanpedro.com.ar\/sitio\/wp-json\/wp\/v2\/categories?post=115423"},{"taxonomy":"post_tag","embeddable":true,"href":"https:\/\/eldiariodesanpedro.com.ar\/sitio\/wp-json\/wp\/v2\/tags?post=115423"}],"curies":[{"name":"wp","href":"https:\/\/api.w.org\/{rel}","templated":true}]}}