{"id":115392,"date":"2023-02-27T11:48:45","date_gmt":"2023-02-27T14:48:45","guid":{"rendered":"https:\/\/eldiariodesanpedro.com.ar\/sitio\/?p=115392"},"modified":"2023-02-27T13:40:08","modified_gmt":"2023-02-27T16:40:08","slug":"logran-aprehender-a-cuatro-delincuentes-que-robaron-esta-madrugada-a-una-familia-en-zona-rural","status":"publish","type":"post","link":"https:\/\/eldiariodesanpedro.com.ar\/sitio\/logran-aprehender-a-cuatro-delincuentes-que-robaron-esta-madrugada-a-una-familia-en-zona-rural\/","title":{"rendered":"Logran aprehender a cuatro delincuentes que robaron esta madrugada a una familia en zona rural"},"content":{"rendered":"<!-- VideographyWP Plugin Message: Automatic video embedding prevented by plugin options. -->\n\n<p>Por medio de un operativo cerrojo trazado en el kil\u00f3metro 153 de la Ruta Nacional N\u00b0 9 se logr\u00f3 interceptar un veh\u00edculo con cuatro ocupantes que ven\u00edan de perpetrar un robo en Santa Luc\u00eda.<\/p>\n\n\n\n<p>Personal policial de Vial San Pedro y destacamento Santa Luc\u00eda encabezaron el operativo que arroj\u00f3 resultados positivos.<\/p>\n\n\n\n<p>All\u00ed se detuvo a una camioneta Ford F100 roja en la que viajaban cuatro delincuentes, tres de ellos domiciliados en el conurbano bonaerense, de 48, 25 y 45 a\u00f1os, y el restante de 40 a\u00f1os domiciliado en Santa Luc\u00eda.<\/p>\n\n\n\n<p>Una vez interceptados se les pudo secuestrar un revolver Cal. 32 marca Italo Gra con 5 cartuchos intactos, una pistola marca Bersa Cal. 22, dos frascos de vidrio conteniendo marihuana, un tractor de cortar c\u00e9sped marca Irons, una m\u00e1quina de soldar, una bater\u00eda y una motosierra.<\/p>\n\n\n\n<p>Se pudo establecer que lo transportado por los delincuentes hab\u00eda sido robado momentos antes en una finca ubicada sobre el kil\u00f3metro 21 de la Ruta 191.<\/p>\n\n\n\n<p>All\u00ed los delincuentes sorprendieron a una familia a quien redujeron bajo amenazas, las maniataron y robaron las pertenencias.<\/p>\n\n\n\n<p>Los delincuentes fueron alojados en la Comisar\u00eda San Pedro y fueron puestos a disposici\u00f3n de la fiscal\u00eda 5 del Dr. Marcelo Manso.<\/p>\n","protected":false},"excerpt":{"rendered":"<p>Por medio de un operativo cerrojo trazado en el kil\u00f3metro 153 de la Ruta Nacional N\u00b0 9 se logr\u00f3 interceptar un veh\u00edculo con cuatro ocupantes que ven\u00edan de perpetrar un robo en Santa Luc\u00eda. Personal policial de Vial San Pedro y destacamento Santa Luc\u00eda encabezaron el operativo que arroj\u00f3 resultados positivos. All\u00ed se detuvo a [&hellip;]<\/p>\n","protected":false},"author":4,"featured_media":115409,"comment_status":"closed","ping_status":"closed","sticky":false,"template":"","format":"standard","meta":{"om_disable_all_campaigns":false,"_jetpack_memberships_contains_paid_content":false,"footnotes":""},"categories":[50,2,103],"tags":[197,33,95,19],"class_list":["post-115392","post","type-post","status-publish","format-standard","has-post-thumbnail","hentry","category-destacadas","category-locales","category-policiales-locales","tag-buenos-aires","tag-locales","tag-policiales","tag-san-pedro"],"aioseo_notices":[],"gutentor_comment":0,"jetpack_featured_media_url":"https:\/\/eldiariodesanpedro.com.ar\/sitio\/wp-content\/uploads\/2023\/02\/image_1920x_5ec13d52e12da.jpg","jetpack_shortlink":"https:\/\/wp.me\/p6RhLt-u1a","jetpack_sharing_enabled":true,"_links":{"self":[{"href":"https:\/\/eldiariodesanpedro.com.ar\/sitio\/wp-json\/wp\/v2\/posts\/115392","targetHints":{"allow":["GET"]}}],"collection":[{"href":"https:\/\/eldiariodesanpedro.com.ar\/sitio\/wp-json\/wp\/v2\/posts"}],"about":[{"href":"https:\/\/eldiariodesanpedro.com.ar\/sitio\/wp-json\/wp\/v2\/types\/post"}],"author":[{"embeddable":true,"href":"https:\/\/eldiariodesanpedro.com.ar\/sitio\/wp-json\/wp\/v2\/users\/4"}],"replies":[{"embeddable":true,"href":"https:\/\/eldiariodesanpedro.com.ar\/sitio\/wp-json\/wp\/v2\/comments?post=115392"}],"version-history":[{"count":4,"href":"https:\/\/eldiariodesanpedro.com.ar\/sitio\/wp-json\/wp\/v2\/posts\/115392\/revisions"}],"predecessor-version":[{"id":115408,"href":"https:\/\/eldiariodesanpedro.com.ar\/sitio\/wp-json\/wp\/v2\/posts\/115392\/revisions\/115408"}],"wp:featuredmedia":[{"embeddable":true,"href":"https:\/\/eldiariodesanpedro.com.ar\/sitio\/wp-json\/wp\/v2\/media\/115409"}],"wp:attachment":[{"href":"https:\/\/eldiariodesanpedro.com.ar\/sitio\/wp-json\/wp\/v2\/media?parent=115392"}],"wp:term":[{"taxonomy":"category","embeddable":true,"href":"https:\/\/eldiariodesanpedro.com.ar\/sitio\/wp-json\/wp\/v2\/categories?post=115392"},{"taxonomy":"post_tag","embeddable":true,"href":"https:\/\/eldiariodesanpedro.com.ar\/sitio\/wp-json\/wp\/v2\/tags?post=115392"}],"curies":[{"name":"wp","href":"https:\/\/api.w.org\/{rel}","templated":true}]}}