{"id":115389,"date":"2023-02-27T11:29:20","date_gmt":"2023-02-27T14:29:20","guid":{"rendered":"https:\/\/eldiariodesanpedro.com.ar\/sitio\/?p=115389"},"modified":"2023-02-27T11:29:22","modified_gmt":"2023-02-27T14:29:22","slug":"un-accidente-de-transito-donde-dos-personas-resultaron-heridas-este-sabado","status":"publish","type":"post","link":"https:\/\/eldiariodesanpedro.com.ar\/sitio\/un-accidente-de-transito-donde-dos-personas-resultaron-heridas-este-sabado\/","title":{"rendered":"Un accidente de tr\u00e1nsito donde dos personas resultaron heridas este s\u00e1bado"},"content":{"rendered":"<!-- VideographyWP Plugin Message: Automatic video embedding prevented by plugin options. -->\n\n<p>En el d\u00eda s\u00e1bado pasado en horas de la noche, a ra\u00edz de un llamado al 911 emergencias, personal acude a calle Rivadavia y Ruiz Moreno, en donde por razones que se tratan de establecer colisiona autom\u00f3vil Peugeot 106, color gris, conducido por ciudadano de 24 a\u00f1os de edad con motocicleta Mondial 110 cc, color azul, guiado por una mujer de 22 a\u00f1os de edad y acompa\u00f1ante de 21 a\u00f1os de edad.<\/p>\n\n\n\n<p>Como resultado de la colisi\u00f3n el conductor y acompa\u00f1ante de rodado menor trasladado por ambulancia 107 hacia nosocomio local presentando lesiones de car\u00e1cter leves, por su parte el conductor del autom\u00f3vil result\u00f3 ileso.<\/p>\n","protected":false},"excerpt":{"rendered":"<p>En el d\u00eda s\u00e1bado pasado en horas de la noche, a ra\u00edz de un llamado al 911 emergencias, personal acude a calle Rivadavia y Ruiz Moreno, en donde por razones que se tratan de establecer colisiona autom\u00f3vil Peugeot 106, color gris, conducido por ciudadano de 24 a\u00f1os de edad con motocicleta Mondial 110 cc, color [&hellip;]<\/p>\n","protected":false},"author":4,"featured_media":115390,"comment_status":"closed","ping_status":"closed","sticky":false,"template":"","format":"standard","meta":{"om_disable_all_campaigns":false,"_jetpack_memberships_contains_paid_content":false,"footnotes":""},"categories":[2,103],"tags":[197,33,95,19],"class_list":["post-115389","post","type-post","status-publish","format-standard","has-post-thumbnail","hentry","category-locales","category-policiales-locales","tag-buenos-aires","tag-locales","tag-policiales","tag-san-pedro"],"aioseo_notices":[],"gutentor_comment":0,"jetpack_featured_media_url":"https:\/\/eldiariodesanpedro.com.ar\/sitio\/wp-content\/uploads\/2023\/02\/medida-2-22.jpg","jetpack_shortlink":"https:\/\/wp.me\/p6RhLt-u17","jetpack_sharing_enabled":true,"_links":{"self":[{"href":"https:\/\/eldiariodesanpedro.com.ar\/sitio\/wp-json\/wp\/v2\/posts\/115389","targetHints":{"allow":["GET"]}}],"collection":[{"href":"https:\/\/eldiariodesanpedro.com.ar\/sitio\/wp-json\/wp\/v2\/posts"}],"about":[{"href":"https:\/\/eldiariodesanpedro.com.ar\/sitio\/wp-json\/wp\/v2\/types\/post"}],"author":[{"embeddable":true,"href":"https:\/\/eldiariodesanpedro.com.ar\/sitio\/wp-json\/wp\/v2\/users\/4"}],"replies":[{"embeddable":true,"href":"https:\/\/eldiariodesanpedro.com.ar\/sitio\/wp-json\/wp\/v2\/comments?post=115389"}],"version-history":[{"count":1,"href":"https:\/\/eldiariodesanpedro.com.ar\/sitio\/wp-json\/wp\/v2\/posts\/115389\/revisions"}],"predecessor-version":[{"id":115391,"href":"https:\/\/eldiariodesanpedro.com.ar\/sitio\/wp-json\/wp\/v2\/posts\/115389\/revisions\/115391"}],"wp:featuredmedia":[{"embeddable":true,"href":"https:\/\/eldiariodesanpedro.com.ar\/sitio\/wp-json\/wp\/v2\/media\/115390"}],"wp:attachment":[{"href":"https:\/\/eldiariodesanpedro.com.ar\/sitio\/wp-json\/wp\/v2\/media?parent=115389"}],"wp:term":[{"taxonomy":"category","embeddable":true,"href":"https:\/\/eldiariodesanpedro.com.ar\/sitio\/wp-json\/wp\/v2\/categories?post=115389"},{"taxonomy":"post_tag","embeddable":true,"href":"https:\/\/eldiariodesanpedro.com.ar\/sitio\/wp-json\/wp\/v2\/tags?post=115389"}],"curies":[{"name":"wp","href":"https:\/\/api.w.org\/{rel}","templated":true}]}}