{"id":115386,"date":"2023-02-27T11:23:34","date_gmt":"2023-02-27T14:23:34","guid":{"rendered":"https:\/\/eldiariodesanpedro.com.ar\/sitio\/?p=115386"},"modified":"2023-02-27T11:23:36","modified_gmt":"2023-02-27T14:23:36","slug":"un-automovil-despisto-en-la-ruta-191","status":"publish","type":"post","link":"https:\/\/eldiariodesanpedro.com.ar\/sitio\/un-automovil-despisto-en-la-ruta-191\/","title":{"rendered":"Un autom\u00f3vil despisto en la ruta 191"},"content":{"rendered":"<!-- VideographyWP Plugin Message: Automatic video embedding prevented by plugin options. -->\n\n<p>En la jornada de este s\u00e1bado en horas de la ma\u00f1ana la polic\u00eda de nuestra ciudad tomo conocimiento \u00a0que en inmediaciones de la Ruta 191, al km. 6.5 se produjo despiste autom\u00f3vil Ford Ka, conducido por un ciudadano de 28 a\u00f1os de edad sin lesiones.<\/p>\n","protected":false},"excerpt":{"rendered":"<p>En la jornada de este s\u00e1bado en horas de la ma\u00f1ana la polic\u00eda de nuestra ciudad tomo conocimiento \u00a0que en inmediaciones de la Ruta 191, al km. 6.5 se produjo despiste autom\u00f3vil Ford Ka, conducido por un ciudadano de 28 a\u00f1os de edad sin lesiones.<\/p>\n","protected":false},"author":4,"featured_media":115387,"comment_status":"closed","ping_status":"closed","sticky":false,"template":"","format":"standard","meta":{"om_disable_all_campaigns":false,"_jetpack_memberships_contains_paid_content":false,"footnotes":""},"categories":[2,103],"tags":[197,33,95,19],"class_list":["post-115386","post","type-post","status-publish","format-standard","has-post-thumbnail","hentry","category-locales","category-policiales-locales","tag-buenos-aires","tag-locales","tag-policiales","tag-san-pedro"],"aioseo_notices":[],"gutentor_comment":0,"jetpack_featured_media_url":"https:\/\/eldiariodesanpedro.com.ar\/sitio\/wp-content\/uploads\/2023\/02\/medida-2-21.jpg","jetpack_shortlink":"https:\/\/wp.me\/p6RhLt-u14","jetpack_sharing_enabled":true,"_links":{"self":[{"href":"https:\/\/eldiariodesanpedro.com.ar\/sitio\/wp-json\/wp\/v2\/posts\/115386","targetHints":{"allow":["GET"]}}],"collection":[{"href":"https:\/\/eldiariodesanpedro.com.ar\/sitio\/wp-json\/wp\/v2\/posts"}],"about":[{"href":"https:\/\/eldiariodesanpedro.com.ar\/sitio\/wp-json\/wp\/v2\/types\/post"}],"author":[{"embeddable":true,"href":"https:\/\/eldiariodesanpedro.com.ar\/sitio\/wp-json\/wp\/v2\/users\/4"}],"replies":[{"embeddable":true,"href":"https:\/\/eldiariodesanpedro.com.ar\/sitio\/wp-json\/wp\/v2\/comments?post=115386"}],"version-history":[{"count":1,"href":"https:\/\/eldiariodesanpedro.com.ar\/sitio\/wp-json\/wp\/v2\/posts\/115386\/revisions"}],"predecessor-version":[{"id":115388,"href":"https:\/\/eldiariodesanpedro.com.ar\/sitio\/wp-json\/wp\/v2\/posts\/115386\/revisions\/115388"}],"wp:featuredmedia":[{"embeddable":true,"href":"https:\/\/eldiariodesanpedro.com.ar\/sitio\/wp-json\/wp\/v2\/media\/115387"}],"wp:attachment":[{"href":"https:\/\/eldiariodesanpedro.com.ar\/sitio\/wp-json\/wp\/v2\/media?parent=115386"}],"wp:term":[{"taxonomy":"category","embeddable":true,"href":"https:\/\/eldiariodesanpedro.com.ar\/sitio\/wp-json\/wp\/v2\/categories?post=115386"},{"taxonomy":"post_tag","embeddable":true,"href":"https:\/\/eldiariodesanpedro.com.ar\/sitio\/wp-json\/wp\/v2\/tags?post=115386"}],"curies":[{"name":"wp","href":"https:\/\/api.w.org\/{rel}","templated":true}]}}