{"id":115383,"date":"2023-02-27T11:19:15","date_gmt":"2023-02-27T14:19:15","guid":{"rendered":"https:\/\/eldiariodesanpedro.com.ar\/sitio\/?p=115383"},"modified":"2023-02-27T11:19:16","modified_gmt":"2023-02-27T14:19:16","slug":"un-menor-robo-una-campera-del-baul-de-una-motocicleta","status":"publish","type":"post","link":"https:\/\/eldiariodesanpedro.com.ar\/sitio\/un-menor-robo-una-campera-del-baul-de-una-motocicleta\/","title":{"rendered":"Un menor robo una campera del ba\u00fal de una motocicleta"},"content":{"rendered":"<!-- VideographyWP Plugin Message: Automatic video embedding prevented by plugin options. -->\n\n<p>Este s\u00e1bado el personal policial se hace presente en calle Emilio Ruffa al 700 procede a la aprehensi\u00f3n de un ciudadano de 15 a\u00f1os de edad quien momentos antes sustrae de calle Pellegrini al 900 de ba\u00fal de motocicleta sin ejercer violencia, campera tipo inflable color azul con cierre y vivos naranjas, propiedad de otro joven de 23 a\u00f1os. <\/p>\n\n\n\n<p>El menor fue aprehendido trasladado a la comisar\u00eda local donde luego fue entregado a sus progenitores.<\/p>\n","protected":false},"excerpt":{"rendered":"<p>Este s\u00e1bado el personal policial se hace presente en calle Emilio Ruffa al 700 procede a la aprehensi\u00f3n de un ciudadano de 15 a\u00f1os de edad quien momentos antes sustrae de calle Pellegrini al 900 de ba\u00fal de motocicleta sin ejercer violencia, campera tipo inflable color azul con cierre y vivos naranjas, propiedad de otro [&hellip;]<\/p>\n","protected":false},"author":4,"featured_media":115384,"comment_status":"closed","ping_status":"closed","sticky":false,"template":"","format":"standard","meta":{"om_disable_all_campaigns":false,"_jetpack_memberships_contains_paid_content":false,"footnotes":""},"categories":[2,103],"tags":[197,33,95,19],"class_list":["post-115383","post","type-post","status-publish","format-standard","has-post-thumbnail","hentry","category-locales","category-policiales-locales","tag-buenos-aires","tag-locales","tag-policiales","tag-san-pedro"],"aioseo_notices":[],"gutentor_comment":0,"jetpack_featured_media_url":"https:\/\/eldiariodesanpedro.com.ar\/sitio\/wp-content\/uploads\/2023\/02\/medida-2-20.jpg","jetpack_shortlink":"https:\/\/wp.me\/p6RhLt-u11","jetpack_sharing_enabled":true,"_links":{"self":[{"href":"https:\/\/eldiariodesanpedro.com.ar\/sitio\/wp-json\/wp\/v2\/posts\/115383","targetHints":{"allow":["GET"]}}],"collection":[{"href":"https:\/\/eldiariodesanpedro.com.ar\/sitio\/wp-json\/wp\/v2\/posts"}],"about":[{"href":"https:\/\/eldiariodesanpedro.com.ar\/sitio\/wp-json\/wp\/v2\/types\/post"}],"author":[{"embeddable":true,"href":"https:\/\/eldiariodesanpedro.com.ar\/sitio\/wp-json\/wp\/v2\/users\/4"}],"replies":[{"embeddable":true,"href":"https:\/\/eldiariodesanpedro.com.ar\/sitio\/wp-json\/wp\/v2\/comments?post=115383"}],"version-history":[{"count":1,"href":"https:\/\/eldiariodesanpedro.com.ar\/sitio\/wp-json\/wp\/v2\/posts\/115383\/revisions"}],"predecessor-version":[{"id":115385,"href":"https:\/\/eldiariodesanpedro.com.ar\/sitio\/wp-json\/wp\/v2\/posts\/115383\/revisions\/115385"}],"wp:featuredmedia":[{"embeddable":true,"href":"https:\/\/eldiariodesanpedro.com.ar\/sitio\/wp-json\/wp\/v2\/media\/115384"}],"wp:attachment":[{"href":"https:\/\/eldiariodesanpedro.com.ar\/sitio\/wp-json\/wp\/v2\/media?parent=115383"}],"wp:term":[{"taxonomy":"category","embeddable":true,"href":"https:\/\/eldiariodesanpedro.com.ar\/sitio\/wp-json\/wp\/v2\/categories?post=115383"},{"taxonomy":"post_tag","embeddable":true,"href":"https:\/\/eldiariodesanpedro.com.ar\/sitio\/wp-json\/wp\/v2\/tags?post=115383"}],"curies":[{"name":"wp","href":"https:\/\/api.w.org\/{rel}","templated":true}]}}