{"id":115380,"date":"2023-02-27T11:10:46","date_gmt":"2023-02-27T14:10:46","guid":{"rendered":"https:\/\/eldiariodesanpedro.com.ar\/sitio\/?p=115380"},"modified":"2023-02-27T11:10:47","modified_gmt":"2023-02-27T14:10:47","slug":"la-policia-recupero-una-motocicleta-que-fue-robada-momentos-antes","status":"publish","type":"post","link":"https:\/\/eldiariodesanpedro.com.ar\/sitio\/la-policia-recupero-una-motocicleta-que-fue-robada-momentos-antes\/","title":{"rendered":"La polic\u00eda recupero una motocicleta que fue robada momentos antes"},"content":{"rendered":"<!-- VideographyWP Plugin Message: Automatic video embedding prevented by plugin options. -->\n\n<p>En el d\u00eda de ayer en horas de la madrugada el personal policial en recorrida por calle G\u00fcemes y Belgrano, tras r\u00e1pido accionar aprehende en fuga a dos ciudadano siendo uno de\u00a0 23 a\u00f1os de edad y el otro de 17, secuestr\u00e1ndosele\u00a0 motocicleta Guerrero Trip 110, color azul la cual momento antes sustraen de intersecci\u00f3n calles Pellegrini y Rafael Obligado, propiedad de un masculino de 20 a\u00f1os de edad.-<\/p>\n","protected":false},"excerpt":{"rendered":"<p>En el d\u00eda de ayer en horas de la madrugada el personal policial en recorrida por calle G\u00fcemes y Belgrano, tras r\u00e1pido accionar aprehende en fuga a dos ciudadano siendo uno de\u00a0 23 a\u00f1os de edad y el otro de 17, secuestr\u00e1ndosele\u00a0 motocicleta Guerrero Trip 110, color azul la cual momento antes sustraen de intersecci\u00f3n [&hellip;]<\/p>\n","protected":false},"author":4,"featured_media":115381,"comment_status":"closed","ping_status":"closed","sticky":false,"template":"","format":"standard","meta":{"om_disable_all_campaigns":false,"_jetpack_memberships_contains_paid_content":false,"footnotes":""},"categories":[2,103],"tags":[197,33,95,19],"class_list":["post-115380","post","type-post","status-publish","format-standard","has-post-thumbnail","hentry","category-locales","category-policiales-locales","tag-buenos-aires","tag-locales","tag-policiales","tag-san-pedro"],"aioseo_notices":[],"gutentor_comment":0,"jetpack_featured_media_url":"https:\/\/eldiariodesanpedro.com.ar\/sitio\/wp-content\/uploads\/2023\/02\/medida-2-19.jpg","jetpack_shortlink":"https:\/\/wp.me\/p6RhLt-u0Y","jetpack_sharing_enabled":true,"_links":{"self":[{"href":"https:\/\/eldiariodesanpedro.com.ar\/sitio\/wp-json\/wp\/v2\/posts\/115380","targetHints":{"allow":["GET"]}}],"collection":[{"href":"https:\/\/eldiariodesanpedro.com.ar\/sitio\/wp-json\/wp\/v2\/posts"}],"about":[{"href":"https:\/\/eldiariodesanpedro.com.ar\/sitio\/wp-json\/wp\/v2\/types\/post"}],"author":[{"embeddable":true,"href":"https:\/\/eldiariodesanpedro.com.ar\/sitio\/wp-json\/wp\/v2\/users\/4"}],"replies":[{"embeddable":true,"href":"https:\/\/eldiariodesanpedro.com.ar\/sitio\/wp-json\/wp\/v2\/comments?post=115380"}],"version-history":[{"count":1,"href":"https:\/\/eldiariodesanpedro.com.ar\/sitio\/wp-json\/wp\/v2\/posts\/115380\/revisions"}],"predecessor-version":[{"id":115382,"href":"https:\/\/eldiariodesanpedro.com.ar\/sitio\/wp-json\/wp\/v2\/posts\/115380\/revisions\/115382"}],"wp:featuredmedia":[{"embeddable":true,"href":"https:\/\/eldiariodesanpedro.com.ar\/sitio\/wp-json\/wp\/v2\/media\/115381"}],"wp:attachment":[{"href":"https:\/\/eldiariodesanpedro.com.ar\/sitio\/wp-json\/wp\/v2\/media?parent=115380"}],"wp:term":[{"taxonomy":"category","embeddable":true,"href":"https:\/\/eldiariodesanpedro.com.ar\/sitio\/wp-json\/wp\/v2\/categories?post=115380"},{"taxonomy":"post_tag","embeddable":true,"href":"https:\/\/eldiariodesanpedro.com.ar\/sitio\/wp-json\/wp\/v2\/tags?post=115380"}],"curies":[{"name":"wp","href":"https:\/\/api.w.org\/{rel}","templated":true}]}}