{"id":115377,"date":"2023-02-27T10:45:27","date_gmt":"2023-02-27T13:45:27","guid":{"rendered":"https:\/\/eldiariodesanpedro.com.ar\/sitio\/?p=115377"},"modified":"2023-02-27T10:45:29","modified_gmt":"2023-02-27T13:45:29","slug":"dos-ciudadanos-aprehendidos-tras-golpear-y-cortar-a-su-propia-hermana","status":"publish","type":"post","link":"https:\/\/eldiariodesanpedro.com.ar\/sitio\/dos-ciudadanos-aprehendidos-tras-golpear-y-cortar-a-su-propia-hermana\/","title":{"rendered":"Dos ciudadanos aprehendidos tras golpear y cortar a su propia hermana"},"content":{"rendered":"<!-- VideographyWP Plugin Message: Automatic video embedding prevented by plugin options. -->\n\n<p>En el d\u00eda de ayer domingo en horas de la madrugada el personal policial en calle 35 bis y Riobamba aprehendi\u00f3 a dos ciudadanos de entre 31 y 26 a\u00f1os de edad, quienes momentos previos agreden con golpes de pu\u00f1o y elemento corto punzante a su hermana de 28 a\u00f1os de edad, quien fue derivada a nosocomio local por ambulancia 107, car\u00e1cter lesi\u00f3n leves salv\u00f3 complicaciones.<\/p>\n\n\n\n<p>Interviene la Comisaria de la Mujer y la Familia de San Pedro, UFI 05 disp. Declaraci\u00f3n a la v\u00edctima, notificaci\u00f3n de la causa, alojados a disposici\u00f3n.<\/p>\n","protected":false},"excerpt":{"rendered":"<p>En el d\u00eda de ayer domingo en horas de la madrugada el personal policial en calle 35 bis y Riobamba aprehendi\u00f3 a dos ciudadanos de entre 31 y 26 a\u00f1os de edad, quienes momentos previos agreden con golpes de pu\u00f1o y elemento corto punzante a su hermana de 28 a\u00f1os de edad, quien fue derivada [&hellip;]<\/p>\n","protected":false},"author":4,"featured_media":115378,"comment_status":"closed","ping_status":"closed","sticky":false,"template":"","format":"standard","meta":{"om_disable_all_campaigns":false,"_jetpack_memberships_contains_paid_content":false,"footnotes":""},"categories":[2,103],"tags":[197,33,95,19],"class_list":["post-115377","post","type-post","status-publish","format-standard","has-post-thumbnail","hentry","category-locales","category-policiales-locales","tag-buenos-aires","tag-locales","tag-policiales","tag-san-pedro"],"aioseo_notices":[],"gutentor_comment":0,"jetpack_featured_media_url":"https:\/\/eldiariodesanpedro.com.ar\/sitio\/wp-content\/uploads\/2023\/02\/medida-2-18.jpg","jetpack_shortlink":"https:\/\/wp.me\/p6RhLt-u0V","jetpack_sharing_enabled":true,"_links":{"self":[{"href":"https:\/\/eldiariodesanpedro.com.ar\/sitio\/wp-json\/wp\/v2\/posts\/115377","targetHints":{"allow":["GET"]}}],"collection":[{"href":"https:\/\/eldiariodesanpedro.com.ar\/sitio\/wp-json\/wp\/v2\/posts"}],"about":[{"href":"https:\/\/eldiariodesanpedro.com.ar\/sitio\/wp-json\/wp\/v2\/types\/post"}],"author":[{"embeddable":true,"href":"https:\/\/eldiariodesanpedro.com.ar\/sitio\/wp-json\/wp\/v2\/users\/4"}],"replies":[{"embeddable":true,"href":"https:\/\/eldiariodesanpedro.com.ar\/sitio\/wp-json\/wp\/v2\/comments?post=115377"}],"version-history":[{"count":1,"href":"https:\/\/eldiariodesanpedro.com.ar\/sitio\/wp-json\/wp\/v2\/posts\/115377\/revisions"}],"predecessor-version":[{"id":115379,"href":"https:\/\/eldiariodesanpedro.com.ar\/sitio\/wp-json\/wp\/v2\/posts\/115377\/revisions\/115379"}],"wp:featuredmedia":[{"embeddable":true,"href":"https:\/\/eldiariodesanpedro.com.ar\/sitio\/wp-json\/wp\/v2\/media\/115378"}],"wp:attachment":[{"href":"https:\/\/eldiariodesanpedro.com.ar\/sitio\/wp-json\/wp\/v2\/media?parent=115377"}],"wp:term":[{"taxonomy":"category","embeddable":true,"href":"https:\/\/eldiariodesanpedro.com.ar\/sitio\/wp-json\/wp\/v2\/categories?post=115377"},{"taxonomy":"post_tag","embeddable":true,"href":"https:\/\/eldiariodesanpedro.com.ar\/sitio\/wp-json\/wp\/v2\/tags?post=115377"}],"curies":[{"name":"wp","href":"https:\/\/api.w.org\/{rel}","templated":true}]}}