{"id":115374,"date":"2023-02-27T10:37:47","date_gmt":"2023-02-27T13:37:47","guid":{"rendered":"https:\/\/eldiariodesanpedro.com.ar\/sitio\/?p=115374"},"modified":"2023-02-27T10:37:49","modified_gmt":"2023-02-27T13:37:49","slug":"taller-de-moto-el-chanta-fue-clausurado","status":"publish","type":"post","link":"https:\/\/eldiariodesanpedro.com.ar\/sitio\/taller-de-moto-el-chanta-fue-clausurado\/","title":{"rendered":"Taller de moto \u201cEl Chanta\u201d fue clausurado"},"content":{"rendered":"<!-- VideographyWP Plugin Message: Automatic video embedding prevented by plugin options. -->\n\n<p>En la jornada de este s\u00e1bado en horas de la ma\u00f1ana el personal de grupo GTO de la comisaria local inspecciona el \u201ctaller de motos el Chanta\u00bb, ubicado en calle \u00a0Alvear al 800, propietario un ciudadano de 42 a\u00f1os de edad procediendo a su clausura por carecer de habilitaci\u00f3n para el rubro y dem\u00e1s\u00a0 expuestos en la ley 13.081<\/p>\n","protected":false},"excerpt":{"rendered":"<p>En la jornada de este s\u00e1bado en horas de la ma\u00f1ana el personal de grupo GTO de la comisaria local inspecciona el \u201ctaller de motos el Chanta\u00bb, ubicado en calle \u00a0Alvear al 800, propietario un ciudadano de 42 a\u00f1os de edad procediendo a su clausura por carecer de habilitaci\u00f3n para el rubro y dem\u00e1s\u00a0 expuestos [&hellip;]<\/p>\n","protected":false},"author":4,"featured_media":115375,"comment_status":"closed","ping_status":"closed","sticky":false,"template":"","format":"standard","meta":{"om_disable_all_campaigns":false,"_jetpack_memberships_contains_paid_content":false,"footnotes":""},"categories":[2,103],"tags":[197,33,95,19],"class_list":["post-115374","post","type-post","status-publish","format-standard","has-post-thumbnail","hentry","category-locales","category-policiales-locales","tag-buenos-aires","tag-locales","tag-policiales","tag-san-pedro"],"aioseo_notices":[],"gutentor_comment":0,"jetpack_featured_media_url":"https:\/\/eldiariodesanpedro.com.ar\/sitio\/wp-content\/uploads\/2023\/02\/medida-2-17.jpg","jetpack_shortlink":"https:\/\/wp.me\/p6RhLt-u0S","jetpack_sharing_enabled":true,"_links":{"self":[{"href":"https:\/\/eldiariodesanpedro.com.ar\/sitio\/wp-json\/wp\/v2\/posts\/115374","targetHints":{"allow":["GET"]}}],"collection":[{"href":"https:\/\/eldiariodesanpedro.com.ar\/sitio\/wp-json\/wp\/v2\/posts"}],"about":[{"href":"https:\/\/eldiariodesanpedro.com.ar\/sitio\/wp-json\/wp\/v2\/types\/post"}],"author":[{"embeddable":true,"href":"https:\/\/eldiariodesanpedro.com.ar\/sitio\/wp-json\/wp\/v2\/users\/4"}],"replies":[{"embeddable":true,"href":"https:\/\/eldiariodesanpedro.com.ar\/sitio\/wp-json\/wp\/v2\/comments?post=115374"}],"version-history":[{"count":1,"href":"https:\/\/eldiariodesanpedro.com.ar\/sitio\/wp-json\/wp\/v2\/posts\/115374\/revisions"}],"predecessor-version":[{"id":115376,"href":"https:\/\/eldiariodesanpedro.com.ar\/sitio\/wp-json\/wp\/v2\/posts\/115374\/revisions\/115376"}],"wp:featuredmedia":[{"embeddable":true,"href":"https:\/\/eldiariodesanpedro.com.ar\/sitio\/wp-json\/wp\/v2\/media\/115375"}],"wp:attachment":[{"href":"https:\/\/eldiariodesanpedro.com.ar\/sitio\/wp-json\/wp\/v2\/media?parent=115374"}],"wp:term":[{"taxonomy":"category","embeddable":true,"href":"https:\/\/eldiariodesanpedro.com.ar\/sitio\/wp-json\/wp\/v2\/categories?post=115374"},{"taxonomy":"post_tag","embeddable":true,"href":"https:\/\/eldiariodesanpedro.com.ar\/sitio\/wp-json\/wp\/v2\/tags?post=115374"}],"curies":[{"name":"wp","href":"https:\/\/api.w.org\/{rel}","templated":true}]}}