{"id":115371,"date":"2023-02-27T10:23:53","date_gmt":"2023-02-27T13:23:53","guid":{"rendered":"https:\/\/eldiariodesanpedro.com.ar\/sitio\/?p=115371"},"modified":"2023-02-27T10:23:55","modified_gmt":"2023-02-27T13:23:55","slug":"un-ciudadano-aprehendido-por-amenazar-de-muerte-a-su-madre","status":"publish","type":"post","link":"https:\/\/eldiariodesanpedro.com.ar\/sitio\/un-ciudadano-aprehendido-por-amenazar-de-muerte-a-su-madre\/","title":{"rendered":"Un ciudadano aprehendido por amenazar de muerte a su madre"},"content":{"rendered":"<!-- VideographyWP Plugin Message: Automatic video embedding prevented by plugin options. -->\n\n<p>El pasado s\u00e1bado cerca del mediod\u00eda el personal policial de la comisar\u00eda local en calle Benefactora Sampedrina al 2800 aprehende a un ciudadano de 26 a\u00f1os de edad quien se encontraba ofuscado delante de los uniformados un amenaza de muerte a su progenitora.<\/p>\n\n\n\n<p>Interviene UFI N\u00b05 avala proceder, dispuso para imputado que sea alojado, notificaci\u00f3n de causa, receptar declaraci\u00f3n victima en la Comisaria de la&nbsp; Mujer y la Familia de San Pedro.<\/p>\n","protected":false},"excerpt":{"rendered":"<p>El pasado s\u00e1bado cerca del mediod\u00eda el personal policial de la comisar\u00eda local en calle Benefactora Sampedrina al 2800 aprehende a un ciudadano de 26 a\u00f1os de edad quien se encontraba ofuscado delante de los uniformados un amenaza de muerte a su progenitora. Interviene UFI N\u00b05 avala proceder, dispuso para imputado que sea alojado, notificaci\u00f3n [&hellip;]<\/p>\n","protected":false},"author":4,"featured_media":115372,"comment_status":"closed","ping_status":"closed","sticky":false,"template":"","format":"standard","meta":{"om_disable_all_campaigns":false,"_jetpack_memberships_contains_paid_content":false,"footnotes":""},"categories":[2,103],"tags":[197,33,95,19],"class_list":["post-115371","post","type-post","status-publish","format-standard","has-post-thumbnail","hentry","category-locales","category-policiales-locales","tag-buenos-aires","tag-locales","tag-policiales","tag-san-pedro"],"aioseo_notices":[],"gutentor_comment":0,"jetpack_featured_media_url":"https:\/\/eldiariodesanpedro.com.ar\/sitio\/wp-content\/uploads\/2023\/02\/medida-2-16.jpg","jetpack_shortlink":"https:\/\/wp.me\/p6RhLt-u0P","jetpack_sharing_enabled":true,"_links":{"self":[{"href":"https:\/\/eldiariodesanpedro.com.ar\/sitio\/wp-json\/wp\/v2\/posts\/115371","targetHints":{"allow":["GET"]}}],"collection":[{"href":"https:\/\/eldiariodesanpedro.com.ar\/sitio\/wp-json\/wp\/v2\/posts"}],"about":[{"href":"https:\/\/eldiariodesanpedro.com.ar\/sitio\/wp-json\/wp\/v2\/types\/post"}],"author":[{"embeddable":true,"href":"https:\/\/eldiariodesanpedro.com.ar\/sitio\/wp-json\/wp\/v2\/users\/4"}],"replies":[{"embeddable":true,"href":"https:\/\/eldiariodesanpedro.com.ar\/sitio\/wp-json\/wp\/v2\/comments?post=115371"}],"version-history":[{"count":1,"href":"https:\/\/eldiariodesanpedro.com.ar\/sitio\/wp-json\/wp\/v2\/posts\/115371\/revisions"}],"predecessor-version":[{"id":115373,"href":"https:\/\/eldiariodesanpedro.com.ar\/sitio\/wp-json\/wp\/v2\/posts\/115371\/revisions\/115373"}],"wp:featuredmedia":[{"embeddable":true,"href":"https:\/\/eldiariodesanpedro.com.ar\/sitio\/wp-json\/wp\/v2\/media\/115372"}],"wp:attachment":[{"href":"https:\/\/eldiariodesanpedro.com.ar\/sitio\/wp-json\/wp\/v2\/media?parent=115371"}],"wp:term":[{"taxonomy":"category","embeddable":true,"href":"https:\/\/eldiariodesanpedro.com.ar\/sitio\/wp-json\/wp\/v2\/categories?post=115371"},{"taxonomy":"post_tag","embeddable":true,"href":"https:\/\/eldiariodesanpedro.com.ar\/sitio\/wp-json\/wp\/v2\/tags?post=115371"}],"curies":[{"name":"wp","href":"https:\/\/api.w.org\/{rel}","templated":true}]}}