{"id":115362,"date":"2023-02-27T08:55:12","date_gmt":"2023-02-27T11:55:12","guid":{"rendered":"https:\/\/eldiariodesanpedro.com.ar\/sitio\/?p=115362"},"modified":"2023-02-27T08:55:14","modified_gmt":"2023-02-27T11:55:14","slug":"gran-despedida-de-anita-martinez-y-talentos-de-san-pedro-2023-con-agustin-rivarola-como-ganador","status":"publish","type":"post","link":"https:\/\/eldiariodesanpedro.com.ar\/sitio\/gran-despedida-de-anita-martinez-y-talentos-de-san-pedro-2023-con-agustin-rivarola-como-ganador\/","title":{"rendered":"Gran despedida de Anita Mart\u00ednez y Talentos de San Pedro 2023 con Agust\u00edn Rivarola como ganador"},"content":{"rendered":"<!-- VideographyWP Plugin Message: Automatic video embedding prevented by plugin options. -->\n\n<p>Con el Centro Cultural Abelardo Castillo colmado, se despidieron despu\u00e9s de una gran temporada, la actriz Anita Mart\u00ednez con su unipersonal y el Show de Talentos conducido por Rodrigo Lusich que consagr\u00f3 al bailar\u00edn folcl\u00f3rico Agust\u00edn Rivarola, como el ganador del premio de $ 200.000.<\/p>\n\n\n\n<p>El ciclo de presentaciones de Anita Mart\u00ednez mantuvo siempre su excelente convocatoria y su presencia en San Pedro tambi\u00e9n gener\u00f3 una gran promoci\u00f3n de la plaza teatral y tur\u00edstica que viene consolidando nuestra ciudad. Agradeci\u00f3 a todo el p\u00fablico y a quienes confiaron en la propuesta de CV Producciones, desde la Municipalidad de San Pedro y la Secretar\u00eda de Turismo y Cultura.<\/p>\n\n\n\n<p>A pura emoci\u00f3n, el cierre de \u00abTalentos\u00bb consagr\u00f3 a Agust\u00edn Rivarola en una noche que tuvo como presidente del jurado al periodista de TN Mario Masacessi quien tambi\u00e9n promocion\u00f3 su visita en sus redes sociales con gran cantidad de seguidores.<\/p>\n\n\n\n<p>Adem\u00e1s de darle la oportunidad de expresarse a decenas de artistas locales y otras localidades, el Show de Talentos gener\u00f3 para \u00abel destino San Pedro\u00bb una importante promoci\u00f3n por la llegada de invitados como Adri\u00e1n Pallares, Marisa Brey, Paula Varela, Marcela Ba\u00f1os y muchos m\u00e1s que compartieron sus experiencias aqu\u00ed.<\/p>\n\n\n\n<p>Desde la Secretar\u00eda de Turismo y Cultura se agradece a todos los que colaboraron para esta nueva edici\u00f3n, a los participantes y quienes se acercaron cada noche a disfrutar de la obra de Anita Mart\u00ednez y del Show de Talentos.<\/p>\n\n\n\n<p>Se renueva la invitaci\u00f3n para acompa\u00f1ar las propuestas en los espacios p\u00fablicos, la peatonal gastron\u00f3mica y Vuelta de Obligado y se informa que pr\u00f3ximamente iremos compartiendo novedades sobre los fines de semana venideros, y sobre los preparativos para Semana Santa.<\/p>\n\n\n\n<figure class=\"wp-block-image size-full\"><img decoding=\"async\" width=\"945\" height=\"630\" data-attachment-id=\"115363\" data-permalink=\"https:\/\/eldiariodesanpedro.com.ar\/sitio\/gran-despedida-de-anita-martinez-y-talentos-de-san-pedro-2023-con-agustin-rivarola-como-ganador\/whatsapp-image-2023-02-26-at-14-53-42\/\" data-orig-file=\"https:\/\/eldiariodesanpedro.com.ar\/sitio\/wp-content\/uploads\/2023\/02\/WhatsApp-Image-2023-02-26-at-14.53.42.jpeg\" data-orig-size=\"945,630\" data-comments-opened=\"0\" data-image-meta=\"{&quot;aperture&quot;:&quot;0&quot;,&quot;credit&quot;:&quot;&quot;,&quot;camera&quot;:&quot;&quot;,&quot;caption&quot;:&quot;&quot;,&quot;created_timestamp&quot;:&quot;0&quot;,&quot;copyright&quot;:&quot;&quot;,&quot;focal_length&quot;:&quot;0&quot;,&quot;iso&quot;:&quot;0&quot;,&quot;shutter_speed&quot;:&quot;0&quot;,&quot;title&quot;:&quot;&quot;,&quot;orientation&quot;:&quot;0&quot;}\" data-image-title=\"WhatsApp Image 2023-02-26 at 14.53.42\" data-image-description=\"\" data-image-caption=\"\" data-large-file=\"https:\/\/eldiariodesanpedro.com.ar\/sitio\/wp-content\/uploads\/2023\/02\/WhatsApp-Image-2023-02-26-at-14.53.42.jpeg\" data-src=\"https:\/\/eldiariodesanpedro.com.ar\/sitio\/wp-content\/uploads\/2023\/02\/WhatsApp-Image-2023-02-26-at-14.53.42.jpeg\" alt=\"\" class=\"wp-image-115363 lazyload\" data-srcset=\"https:\/\/eldiariodesanpedro.com.ar\/sitio\/wp-content\/uploads\/2023\/02\/WhatsApp-Image-2023-02-26-at-14.53.42.jpeg 945w, https:\/\/eldiariodesanpedro.com.ar\/sitio\/wp-content\/uploads\/2023\/02\/WhatsApp-Image-2023-02-26-at-14.53.42-300x200.jpeg 300w, https:\/\/eldiariodesanpedro.com.ar\/sitio\/wp-content\/uploads\/2023\/02\/WhatsApp-Image-2023-02-26-at-14.53.42-768x512.jpeg 768w\" data-sizes=\"(max-width: 945px) 100vw, 945px\" src=\"data:image\/svg+xml;base64,PHN2ZyB3aWR0aD0iMSIgaGVpZ2h0PSIxIiB4bWxucz0iaHR0cDovL3d3dy53My5vcmcvMjAwMC9zdmciPjwvc3ZnPg==\" style=\"--smush-placeholder-width: 945px; --smush-placeholder-aspect-ratio: 945\/630;\" \/><\/figure>\n\n\n\n<figure class=\"wp-block-image size-full\"><img decoding=\"async\" width=\"945\" height=\"630\" data-attachment-id=\"115366\" data-permalink=\"https:\/\/eldiariodesanpedro.com.ar\/sitio\/gran-despedida-de-anita-martinez-y-talentos-de-san-pedro-2023-con-agustin-rivarola-como-ganador\/whatsapp-image-2023-02-26-at-14-53-45-1\/\" data-orig-file=\"https:\/\/eldiariodesanpedro.com.ar\/sitio\/wp-content\/uploads\/2023\/02\/WhatsApp-Image-2023-02-26-at-14.53.45-1.jpeg\" data-orig-size=\"945,630\" data-comments-opened=\"0\" data-image-meta=\"{&quot;aperture&quot;:&quot;0&quot;,&quot;credit&quot;:&quot;&quot;,&quot;camera&quot;:&quot;&quot;,&quot;caption&quot;:&quot;&quot;,&quot;created_timestamp&quot;:&quot;0&quot;,&quot;copyright&quot;:&quot;&quot;,&quot;focal_length&quot;:&quot;0&quot;,&quot;iso&quot;:&quot;0&quot;,&quot;shutter_speed&quot;:&quot;0&quot;,&quot;title&quot;:&quot;&quot;,&quot;orientation&quot;:&quot;0&quot;}\" data-image-title=\"WhatsApp Image 2023-02-26 at 14.53.45 (1)\" data-image-description=\"\" data-image-caption=\"\" data-large-file=\"https:\/\/eldiariodesanpedro.com.ar\/sitio\/wp-content\/uploads\/2023\/02\/WhatsApp-Image-2023-02-26-at-14.53.45-1.jpeg\" data-src=\"https:\/\/eldiariodesanpedro.com.ar\/sitio\/wp-content\/uploads\/2023\/02\/WhatsApp-Image-2023-02-26-at-14.53.45-1.jpeg\" alt=\"\" class=\"wp-image-115366 lazyload\" data-srcset=\"https:\/\/eldiariodesanpedro.com.ar\/sitio\/wp-content\/uploads\/2023\/02\/WhatsApp-Image-2023-02-26-at-14.53.45-1.jpeg 945w, https:\/\/eldiariodesanpedro.com.ar\/sitio\/wp-content\/uploads\/2023\/02\/WhatsApp-Image-2023-02-26-at-14.53.45-1-300x200.jpeg 300w, https:\/\/eldiariodesanpedro.com.ar\/sitio\/wp-content\/uploads\/2023\/02\/WhatsApp-Image-2023-02-26-at-14.53.45-1-768x512.jpeg 768w\" data-sizes=\"(max-width: 945px) 100vw, 945px\" src=\"data:image\/svg+xml;base64,PHN2ZyB3aWR0aD0iMSIgaGVpZ2h0PSIxIiB4bWxucz0iaHR0cDovL3d3dy53My5vcmcvMjAwMC9zdmciPjwvc3ZnPg==\" style=\"--smush-placeholder-width: 945px; --smush-placeholder-aspect-ratio: 945\/630;\" \/><\/figure>\n\n\n\n<figure class=\"wp-block-image size-full\"><img decoding=\"async\" width=\"945\" height=\"630\" data-attachment-id=\"115367\" data-permalink=\"https:\/\/eldiariodesanpedro.com.ar\/sitio\/gran-despedida-de-anita-martinez-y-talentos-de-san-pedro-2023-con-agustin-rivarola-como-ganador\/whatsapp-image-2023-02-26-at-14-53-45\/\" data-orig-file=\"https:\/\/eldiariodesanpedro.com.ar\/sitio\/wp-content\/uploads\/2023\/02\/WhatsApp-Image-2023-02-26-at-14.53.45.jpeg\" data-orig-size=\"945,630\" data-comments-opened=\"0\" data-image-meta=\"{&quot;aperture&quot;:&quot;0&quot;,&quot;credit&quot;:&quot;&quot;,&quot;camera&quot;:&quot;&quot;,&quot;caption&quot;:&quot;&quot;,&quot;created_timestamp&quot;:&quot;0&quot;,&quot;copyright&quot;:&quot;&quot;,&quot;focal_length&quot;:&quot;0&quot;,&quot;iso&quot;:&quot;0&quot;,&quot;shutter_speed&quot;:&quot;0&quot;,&quot;title&quot;:&quot;&quot;,&quot;orientation&quot;:&quot;0&quot;}\" data-image-title=\"WhatsApp Image 2023-02-26 at 14.53.45\" data-image-description=\"\" data-image-caption=\"\" data-large-file=\"https:\/\/eldiariodesanpedro.com.ar\/sitio\/wp-content\/uploads\/2023\/02\/WhatsApp-Image-2023-02-26-at-14.53.45.jpeg\" data-src=\"https:\/\/eldiariodesanpedro.com.ar\/sitio\/wp-content\/uploads\/2023\/02\/WhatsApp-Image-2023-02-26-at-14.53.45.jpeg\" alt=\"\" class=\"wp-image-115367 lazyload\" data-srcset=\"https:\/\/eldiariodesanpedro.com.ar\/sitio\/wp-content\/uploads\/2023\/02\/WhatsApp-Image-2023-02-26-at-14.53.45.jpeg 945w, https:\/\/eldiariodesanpedro.com.ar\/sitio\/wp-content\/uploads\/2023\/02\/WhatsApp-Image-2023-02-26-at-14.53.45-300x200.jpeg 300w, https:\/\/eldiariodesanpedro.com.ar\/sitio\/wp-content\/uploads\/2023\/02\/WhatsApp-Image-2023-02-26-at-14.53.45-768x512.jpeg 768w\" data-sizes=\"(max-width: 945px) 100vw, 945px\" src=\"data:image\/svg+xml;base64,PHN2ZyB3aWR0aD0iMSIgaGVpZ2h0PSIxIiB4bWxucz0iaHR0cDovL3d3dy53My5vcmcvMjAwMC9zdmciPjwvc3ZnPg==\" style=\"--smush-placeholder-width: 945px; --smush-placeholder-aspect-ratio: 945\/630;\" \/><\/figure>\n\n\n\n<figure class=\"wp-block-image size-full\"><img decoding=\"async\" width=\"945\" height=\"630\" data-attachment-id=\"115368\" data-permalink=\"https:\/\/eldiariodesanpedro.com.ar\/sitio\/gran-despedida-de-anita-martinez-y-talentos-de-san-pedro-2023-con-agustin-rivarola-como-ganador\/whatsapp-image-2023-02-26-at-14-53-46-1\/\" data-orig-file=\"https:\/\/eldiariodesanpedro.com.ar\/sitio\/wp-content\/uploads\/2023\/02\/WhatsApp-Image-2023-02-26-at-14.53.46-1.jpeg\" data-orig-size=\"945,630\" data-comments-opened=\"0\" data-image-meta=\"{&quot;aperture&quot;:&quot;0&quot;,&quot;credit&quot;:&quot;&quot;,&quot;camera&quot;:&quot;&quot;,&quot;caption&quot;:&quot;&quot;,&quot;created_timestamp&quot;:&quot;0&quot;,&quot;copyright&quot;:&quot;&quot;,&quot;focal_length&quot;:&quot;0&quot;,&quot;iso&quot;:&quot;0&quot;,&quot;shutter_speed&quot;:&quot;0&quot;,&quot;title&quot;:&quot;&quot;,&quot;orientation&quot;:&quot;0&quot;}\" data-image-title=\"WhatsApp Image 2023-02-26 at 14.53.46 (1)\" data-image-description=\"\" data-image-caption=\"\" data-large-file=\"https:\/\/eldiariodesanpedro.com.ar\/sitio\/wp-content\/uploads\/2023\/02\/WhatsApp-Image-2023-02-26-at-14.53.46-1.jpeg\" data-src=\"https:\/\/eldiariodesanpedro.com.ar\/sitio\/wp-content\/uploads\/2023\/02\/WhatsApp-Image-2023-02-26-at-14.53.46-1.jpeg\" alt=\"\" class=\"wp-image-115368 lazyload\" data-srcset=\"https:\/\/eldiariodesanpedro.com.ar\/sitio\/wp-content\/uploads\/2023\/02\/WhatsApp-Image-2023-02-26-at-14.53.46-1.jpeg 945w, https:\/\/eldiariodesanpedro.com.ar\/sitio\/wp-content\/uploads\/2023\/02\/WhatsApp-Image-2023-02-26-at-14.53.46-1-300x200.jpeg 300w, https:\/\/eldiariodesanpedro.com.ar\/sitio\/wp-content\/uploads\/2023\/02\/WhatsApp-Image-2023-02-26-at-14.53.46-1-768x512.jpeg 768w\" data-sizes=\"(max-width: 945px) 100vw, 945px\" src=\"data:image\/svg+xml;base64,PHN2ZyB3aWR0aD0iMSIgaGVpZ2h0PSIxIiB4bWxucz0iaHR0cDovL3d3dy53My5vcmcvMjAwMC9zdmciPjwvc3ZnPg==\" style=\"--smush-placeholder-width: 945px; --smush-placeholder-aspect-ratio: 945\/630;\" \/><\/figure>\n","protected":false},"excerpt":{"rendered":"<p>Con el Centro Cultural Abelardo Castillo colmado, se despidieron despu\u00e9s de una gran temporada, la actriz Anita Mart\u00ednez con su unipersonal y el Show de Talentos conducido por Rodrigo Lusich que consagr\u00f3 al bailar\u00edn folcl\u00f3rico Agust\u00edn Rivarola, como el ganador del premio de $ 200.000. El ciclo de presentaciones de Anita Mart\u00ednez mantuvo siempre su [&hellip;]<\/p>\n","protected":false},"author":4,"featured_media":115364,"comment_status":"closed","ping_status":"closed","sticky":false,"template":"","format":"standard","meta":{"om_disable_all_campaigns":false,"_jetpack_memberships_contains_paid_content":false,"footnotes":""},"categories":[50,101,2],"tags":[197,696,33,19],"class_list":["post-115362","post","type-post","status-publish","format-standard","has-post-thumbnail","hentry","category-destacadas","category-interes-general-locales","category-locales","tag-buenos-aires","tag-interes-general","tag-locales","tag-san-pedro"],"aioseo_notices":[],"gutentor_comment":0,"jetpack_featured_media_url":"https:\/\/eldiariodesanpedro.com.ar\/sitio\/wp-content\/uploads\/2023\/02\/WhatsApp-Image-2023-02-26-at-14.53.44-1.jpeg","jetpack_shortlink":"https:\/\/wp.me\/p6RhLt-u0G","jetpack_sharing_enabled":true,"_links":{"self":[{"href":"https:\/\/eldiariodesanpedro.com.ar\/sitio\/wp-json\/wp\/v2\/posts\/115362","targetHints":{"allow":["GET"]}}],"collection":[{"href":"https:\/\/eldiariodesanpedro.com.ar\/sitio\/wp-json\/wp\/v2\/posts"}],"about":[{"href":"https:\/\/eldiariodesanpedro.com.ar\/sitio\/wp-json\/wp\/v2\/types\/post"}],"author":[{"embeddable":true,"href":"https:\/\/eldiariodesanpedro.com.ar\/sitio\/wp-json\/wp\/v2\/users\/4"}],"replies":[{"embeddable":true,"href":"https:\/\/eldiariodesanpedro.com.ar\/sitio\/wp-json\/wp\/v2\/comments?post=115362"}],"version-history":[{"count":1,"href":"https:\/\/eldiariodesanpedro.com.ar\/sitio\/wp-json\/wp\/v2\/posts\/115362\/revisions"}],"predecessor-version":[{"id":115370,"href":"https:\/\/eldiariodesanpedro.com.ar\/sitio\/wp-json\/wp\/v2\/posts\/115362\/revisions\/115370"}],"wp:featuredmedia":[{"embeddable":true,"href":"https:\/\/eldiariodesanpedro.com.ar\/sitio\/wp-json\/wp\/v2\/media\/115364"}],"wp:attachment":[{"href":"https:\/\/eldiariodesanpedro.com.ar\/sitio\/wp-json\/wp\/v2\/media?parent=115362"}],"wp:term":[{"taxonomy":"category","embeddable":true,"href":"https:\/\/eldiariodesanpedro.com.ar\/sitio\/wp-json\/wp\/v2\/categories?post=115362"},{"taxonomy":"post_tag","embeddable":true,"href":"https:\/\/eldiariodesanpedro.com.ar\/sitio\/wp-json\/wp\/v2\/tags?post=115362"}],"curies":[{"name":"wp","href":"https:\/\/api.w.org\/{rel}","templated":true}]}}