{"id":115353,"date":"2023-02-26T00:24:09","date_gmt":"2023-02-26T03:24:09","guid":{"rendered":"https:\/\/eldiariodesanpedro.com.ar\/sitio\/?p=115353"},"modified":"2023-02-26T00:24:10","modified_gmt":"2023-02-26T03:24:10","slug":"emocionante-sorteo-de-viviendas-del-plan-en-barrio-villa-depietri-listado-de-pre-adjudicados","status":"publish","type":"post","link":"https:\/\/eldiariodesanpedro.com.ar\/sitio\/emocionante-sorteo-de-viviendas-del-plan-en-barrio-villa-depietri-listado-de-pre-adjudicados\/","title":{"rendered":"Emocionante sorteo de viviendas del Plan en Barrio Villa Depietri, listado de pre adjudicados"},"content":{"rendered":"<!-- VideographyWP Plugin Message: Automatic video embedding prevented by plugin options. -->\n\n<p>En el gimnasio de Independencia F\u00fatbol Club que cedi\u00f3 sus instalaciones, se concret\u00f3 finalmente el sorteo de las 84 viviendas del barrio que se construye en Villa Depietri junto al Ministerio de Desarrollo Territorial y H\u00e1bitat de la Naci\u00f3n y con el apoyo del Gobierno de la Provincia de Buenos Aires.<\/p>\n\n\n\n<p>El Intendente Ram\u00f3n Salazar agradeci\u00f3 a todos los que han intervenido en el proceso que finalmente se puso en marcha para volver a construir viviendas en San Pedro, y poder sortearlas entre las familias que cumplieron los requisitos establecidos dentro del programa.<\/p>\n\n\n\n<p>Destac\u00f3 las gestiones del Intendente Cecilio Salazar que fueron continuadas durante los \u00faltimos meses para llegar al inicio de esta obra. Anticip\u00f3 que se siguen gestionando viviendas, remarc\u00f3 el apoyo del gobierno nacional y provincial y el efecto que este tipo de obras tiene, no s\u00f3lo permiti\u00e9ndole a muchas familias cumplir el sue\u00f1o de la casa propia y dejar de alquilar, sino tambi\u00e9n como una gran fuente de trabajo y de movimiento econ\u00f3mico para muchos sampedrinos.<\/p>\n\n\n\n<p>Para cumplir con todos los pasos correspondientes y garantizar la transparencia del procedimiento, la escribana Rosa Borda que estuvo acompa\u00f1ada por profesionales de Asesor\u00eda Letrada de la Municipalidad, realiz\u00f3 el ingreso individual de los cupones, primero para el sorteo de viviendas adaptadas a personas con necesidades especiales de movilidad y luego las viviendas regulares.<\/p>\n\n\n\n<p>Con la colaboraci\u00f3n de ni\u00f1os del p\u00fablico se fue desarrollando el sorteo con total normalidad y los pre-adjudicatarios recibieron con gran emoci\u00f3n los diplomas que fueron entregados por el Intendente, funcionarios y concejales.<\/p>\n\n\n\n<p>Cabe destacar el ambiente de gran emoci\u00f3n y expectativa y el comportamiento ejemplar de los vecinos y vecinas tanto en el inicio interrumpido por el temporal del viernes, como este s\u00e1bado en Independencia.<\/p>\n\n\n\n<p>A continuaci\u00f3n se detallan los pre-adjudicatarios de los sorteos realizados. La lista es extra-oficial y ser\u00e1 confirmada una vez que desde las \u00e1reas municipales intervinientes se realicen las verificaciones correspondientes. En caso de que alguno de los pre-adjudicatarios titulares no cumpla con tales requisitos, ser\u00e1 remplazado por el suplente, en el orden que corresponda.<\/p>\n\n\n\n<p>(En breve galer\u00eda de fotos de toda la ceremonia)<\/p>\n\n\n\n<p>Pre-adjudicatarios de viviendas adaptadas<\/p>\n\n\n\n<p>01 &#8211; N\u00ba 052 &#8211; Casta\u00f1ares, Edgard<br>02 &#8211; N\u00ba 118 &#8211; Lavalletto, Nicol\u00e1s<br>03 &#8211; N\u00ba 186 &#8211; Rold\u00e1n, Pablo<br>04 &#8211; N\u00ba 019 &#8211; Barrios Carcomo, Ian<br>05 &#8211; N\u00ba 015 &#8211; Baez, Crist\u00f3bal<br>06 &#8211; N\u00ba 034 &#8211; Cabrera, Eduardo<br>07 &#8211; N\u00ba 179 &#8211; Robles, Karen<br>08 &#8211; N\u00ba 166 &#8211; P\u00e9rez, Nadia<\/p>\n\n\n\n<p>Suplentes<\/p>\n\n\n\n<p>01 &#8211; N\u00ba 062 &#8211; Corval\u00e1n, Melina<br>02 &#8211; N\u00ba 063 &#8211; Cotera, M\u00eda<\/p>\n\n\n\n<p>&#8211;<\/p>\n\n\n\n<p>Pre-adjudicatarios\/as de viviendas regulares<\/p>\n\n\n\n<p>01 &#8211; N\u00ba 300 Gonz\u00e1lez, Yessica<br>02 &#8211; N\u00ba 179 De Leo, Juan<br>03 &#8211; N\u00ba 208 Enriquez, Micaela<br>04 &#8211; N\u00ba 101 Cabrera, Juan<br>05 &#8211; N\u00ba 415 Monzalvo, Patricia<br>06 &#8211; N\u00ba 246 Franco, Oscar<br>07 &#8211; N\u00ba 462 Pacillo, Ivana<br>08 &#8211; N\u00ba 452 Olivera, Elba<br>09 &#8211; N\u00ba 001 Acevedo, Adriana<br>10 &#8211; N\u00ba 319 Hern\u00e1ndez, Noelia<br>11 &#8211; N\u00ba 149 Churruar\u00edn, Mar\u00eda<br>12 &#8211; N\u00ba 181 Dellagiovanna, Antonella<br>13 &#8211; N\u00ba 064 Bast\u00eda, Mariano<br>14 &#8211; N\u00ba 417 Monz\u00f3n, Micaela<br>15 &#8211; N\u00ba 283 G\u00f3mez, Mar\u00eda<br>16 &#8211; N\u00ba 164 Coviella, Mar\u00eda<br>17 &#8211; N\u00ba 151 Conti, Facundo<br>18 &#8211; N\u00ba 377 Mart\u00ed, Eliana<br>19 &#8211; N\u00ba 038 Ascua, Diego<br>20 &#8211; N\u00ba 135 Carrizo, Dami\u00e1n<br>21 &#8211; N\u00ba 616 Tula, Genesis<br>22 &#8211; N\u00ba 250 Gamarra, Marcelo<br>23 &#8211; N\u00ba 558 Rosello, Mauricio<br>24 &#8211; N\u00ba 584 Schiros, Claudia<br>25 &#8211; N\u00ba 148 Chaves, Yessica<br>26 &#8211; N\u00ba 082 Bouny, Franco<br>27 &#8211; N\u00ba 125 Cannata, Nancy<br>28 &#8211; N\u00ba 592 Silva, Celeste<br>29 &#8211; N\u00ba 313 Guevara, Juliana<br>30 &#8211; N\u00ba 352 Lobo, Cristian<br>31 &#8211; N\u00ba 647 Vlaeminck, Priscila<br>32 &#8211; N\u00ba 213 Estrada, Mar\u00eda<br>33 &#8211; N\u00ba 443 Obrador, Carla<br>34 &#8211; N\u00ba 531 Robles, Lorena<br>35 &#8211; N\u00ba 603 Tabbita, Ana<br>36 &#8211; N\u00ba 338 Laserna, Gustavo<br>37 &#8211; N\u00ba 031 Araldi, David<br>38 &#8211; N\u00ba 510 Ram\u00edrez, Nanci<br>39 &#8211; N\u00ba 092 Burini, Julieta<br>40 &#8211; N\u00ba 605 Tettamanti, Sebasti\u00e1n<br>41 &#8211; N\u00ba 408 Molina, Micaela<br>42 &#8211; N\u00ba 084 Branchini, Ricardo<br>35 &#8211; N\u00ba 653 Zalazar, Luc\u00eda<br>44 &#8211; N\u00ba 659 Zubieta, Daiana<br>45 &#8211; N\u00ba 218 Fern\u00e1ndez, Alejandro<br>46 &#8211; N\u00ba 393 Medina, Natalia<br>47 &#8211; N\u00ba 607 Tolentino, Alicia<br>48 &#8211; N\u00ba 225 Fern\u00e1ndez, Roberto<br>49 &#8211; N\u00ba 261 Gelabert, Enzo<br>50 &#8211; N\u00ba 463 Padilla Marcelo<br>51 &#8211; N\u00ba 163 Correa, Victoria<br>52 &#8211; N\u00ba 116 Camacho, Adriana<br>53 &#8211; N\u00ba 216 Fantile, Camila<br>54 &#8211; N\u00ba 403 Molina, Cecilia<br>55 &#8211; N\u00ba 511 Ramos, Iris<br>56 &#8211; N\u00ba 192 Dincau, Daiana<br>57 &#8211; N\u00ba 143 Cejas, Juan<br>58 &#8211; N\u00ba 658 Zarza, Gabriel<br>59 &#8211; N\u00ba 389 Mattos, Hugo<br>60 &#8211; N\u00ba 401 Modestti, Mariana<br>61 &#8211; N\u00ba 188 D\u00edaz, Mar\u00eda<br>62 &#8211; N\u00ba 567 S\u00e1nchez, Alejandra<br>63 &#8211; N\u00ba 449 Ojeda, Karina<br>64 &#8211; N\u00ba 474 Pereyra, Micaela<br>65 &#8211; N\u00ba 053 B\u00e1ez Ju\u00e1rez, Alan<br>66 &#8211; N\u00ba 522 Reynoso, Patricia<br>67 &#8211; N\u00ba 430 Mu\u00f1oz, Ver\u00f3nica<br>68 &#8211; N\u00ba 263 Gerez Yesica<br>69 &#8211; N\u00ba 055 B\u00e1ez, Nancy<br>70 &#8211; N\u00ba 238 Flores, Luciano<br>71 &#8211; N\u00ba 586 Scioscia, Pablo<br>72 &#8211; N\u00ba 371 Manicler, Melisa<br>73 &#8211; N\u00ba 157 Correa, Bel\u00e9n<br>74 &#8211; N\u00ba 003 Acevedo, Tamara<br>75 &#8211; N\u00ba 121 Camarasa, Dami\u00e1n<br>76 &#8211; N\u00ba 227 Ferreyra, Isa\u00edas<\/p>\n\n\n\n<p>Suplentes<br>01 &#8211; N\u00ba 481 P\u00e9rez, Santiago<br>02 &#8211; N\u00ba 303 Gorbar\u00e1n, Romina<br>03 &#8211; N\u00ba 370 Maneiro, Valeria<br>04 &#8211; N\u00ba 597 Soto, Cristina<br>05 &#8211; N\u00ba 498 Prado, Federico<br>06 &#8211; N\u00ba 363 Macelli, Valeria<br>07 &#8211; N\u00ba 089 Bueno, Cecilia<br>08 &#8211; N\u00ba 033 Aranzabe Sciolla, Alexandra<br>09 &#8211; N\u00ba 623 Vega, Gerardo<br>10 &#8211; N\u00ba 492 Poggi, Gabriela<br>11 &#8211; N\u00ba 024 \u00c1lvarez Basoalto, Ludmila<br>12 &#8211; N\u00ba 601 Su\u00e1rez Maribel<\/p>\n\n\n\n<figure class=\"wp-block-image size-large\"><img decoding=\"async\" width=\"1024\" height=\"535\" data-attachment-id=\"115358\" data-permalink=\"https:\/\/eldiariodesanpedro.com.ar\/sitio\/emocionante-sorteo-de-viviendas-del-plan-en-barrio-villa-depietri-listado-de-pre-adjudicados\/img-20230226-wa0002\/\" data-orig-file=\"https:\/\/eldiariodesanpedro.com.ar\/sitio\/wp-content\/uploads\/2023\/02\/IMG-20230226-WA0002.jpg\" data-orig-size=\"1080,564\" data-comments-opened=\"0\" data-image-meta=\"{&quot;aperture&quot;:&quot;0&quot;,&quot;credit&quot;:&quot;&quot;,&quot;camera&quot;:&quot;&quot;,&quot;caption&quot;:&quot;&quot;,&quot;created_timestamp&quot;:&quot;0&quot;,&quot;copyright&quot;:&quot;&quot;,&quot;focal_length&quot;:&quot;0&quot;,&quot;iso&quot;:&quot;0&quot;,&quot;shutter_speed&quot;:&quot;0&quot;,&quot;title&quot;:&quot;&quot;,&quot;orientation&quot;:&quot;0&quot;}\" data-image-title=\"IMG-20230226-WA0002\" data-image-description=\"\" data-image-caption=\"\" data-large-file=\"https:\/\/eldiariodesanpedro.com.ar\/sitio\/wp-content\/uploads\/2023\/02\/IMG-20230226-WA0002-1024x535.jpg\" data-src=\"https:\/\/eldiariodesanpedro.com.ar\/sitio\/wp-content\/uploads\/2023\/02\/IMG-20230226-WA0002-1024x535.jpg\" alt=\"\" class=\"wp-image-115358 lazyload\" data-srcset=\"https:\/\/eldiariodesanpedro.com.ar\/sitio\/wp-content\/uploads\/2023\/02\/IMG-20230226-WA0002-1024x535.jpg 1024w, https:\/\/eldiariodesanpedro.com.ar\/sitio\/wp-content\/uploads\/2023\/02\/IMG-20230226-WA0002-300x157.jpg 300w, https:\/\/eldiariodesanpedro.com.ar\/sitio\/wp-content\/uploads\/2023\/02\/IMG-20230226-WA0002-768x401.jpg 768w, https:\/\/eldiariodesanpedro.com.ar\/sitio\/wp-content\/uploads\/2023\/02\/IMG-20230226-WA0002.jpg 1080w\" data-sizes=\"(max-width: 1024px) 100vw, 1024px\" src=\"data:image\/svg+xml;base64,PHN2ZyB3aWR0aD0iMSIgaGVpZ2h0PSIxIiB4bWxucz0iaHR0cDovL3d3dy53My5vcmcvMjAwMC9zdmciPjwvc3ZnPg==\" style=\"--smush-placeholder-width: 1024px; --smush-placeholder-aspect-ratio: 1024\/535;\" \/><\/figure>\n\n\n\n<figure class=\"wp-block-image size-large\"><img decoding=\"async\" width=\"1024\" height=\"461\" data-attachment-id=\"115354\" data-permalink=\"https:\/\/eldiariodesanpedro.com.ar\/sitio\/emocionante-sorteo-de-viviendas-del-plan-en-barrio-villa-depietri-listado-de-pre-adjudicados\/img-20230226-wa0006\/\" data-orig-file=\"https:\/\/eldiariodesanpedro.com.ar\/sitio\/wp-content\/uploads\/2023\/02\/IMG-20230226-WA0006.jpg\" data-orig-size=\"1200,540\" data-comments-opened=\"0\" data-image-meta=\"{&quot;aperture&quot;:&quot;0&quot;,&quot;credit&quot;:&quot;&quot;,&quot;camera&quot;:&quot;&quot;,&quot;caption&quot;:&quot;&quot;,&quot;created_timestamp&quot;:&quot;0&quot;,&quot;copyright&quot;:&quot;&quot;,&quot;focal_length&quot;:&quot;0&quot;,&quot;iso&quot;:&quot;0&quot;,&quot;shutter_speed&quot;:&quot;0&quot;,&quot;title&quot;:&quot;&quot;,&quot;orientation&quot;:&quot;0&quot;}\" data-image-title=\"IMG-20230226-WA0006\" data-image-description=\"\" data-image-caption=\"\" data-large-file=\"https:\/\/eldiariodesanpedro.com.ar\/sitio\/wp-content\/uploads\/2023\/02\/IMG-20230226-WA0006-1024x461.jpg\" data-src=\"https:\/\/eldiariodesanpedro.com.ar\/sitio\/wp-content\/uploads\/2023\/02\/IMG-20230226-WA0006-1024x461.jpg\" alt=\"\" class=\"wp-image-115354 lazyload\" data-srcset=\"https:\/\/eldiariodesanpedro.com.ar\/sitio\/wp-content\/uploads\/2023\/02\/IMG-20230226-WA0006-1024x461.jpg 1024w, https:\/\/eldiariodesanpedro.com.ar\/sitio\/wp-content\/uploads\/2023\/02\/IMG-20230226-WA0006-300x135.jpg 300w, https:\/\/eldiariodesanpedro.com.ar\/sitio\/wp-content\/uploads\/2023\/02\/IMG-20230226-WA0006-768x346.jpg 768w, https:\/\/eldiariodesanpedro.com.ar\/sitio\/wp-content\/uploads\/2023\/02\/IMG-20230226-WA0006.jpg 1200w\" data-sizes=\"(max-width: 1024px) 100vw, 1024px\" src=\"data:image\/svg+xml;base64,PHN2ZyB3aWR0aD0iMSIgaGVpZ2h0PSIxIiB4bWxucz0iaHR0cDovL3d3dy53My5vcmcvMjAwMC9zdmciPjwvc3ZnPg==\" style=\"--smush-placeholder-width: 1024px; --smush-placeholder-aspect-ratio: 1024\/461;\" \/><\/figure>\n\n\n\n<figure class=\"wp-block-image size-full\"><img decoding=\"async\" width=\"946\" height=\"630\" data-attachment-id=\"115357\" data-permalink=\"https:\/\/eldiariodesanpedro.com.ar\/sitio\/emocionante-sorteo-de-viviendas-del-plan-en-barrio-villa-depietri-listado-de-pre-adjudicados\/img-20230226-wa0005\/\" data-orig-file=\"https:\/\/eldiariodesanpedro.com.ar\/sitio\/wp-content\/uploads\/2023\/02\/IMG-20230226-WA0005.jpg\" data-orig-size=\"946,630\" data-comments-opened=\"0\" data-image-meta=\"{&quot;aperture&quot;:&quot;0&quot;,&quot;credit&quot;:&quot;&quot;,&quot;camera&quot;:&quot;&quot;,&quot;caption&quot;:&quot;&quot;,&quot;created_timestamp&quot;:&quot;0&quot;,&quot;copyright&quot;:&quot;&quot;,&quot;focal_length&quot;:&quot;0&quot;,&quot;iso&quot;:&quot;0&quot;,&quot;shutter_speed&quot;:&quot;0&quot;,&quot;title&quot;:&quot;&quot;,&quot;orientation&quot;:&quot;0&quot;}\" data-image-title=\"IMG-20230226-WA0005\" data-image-description=\"\" data-image-caption=\"\" data-large-file=\"https:\/\/eldiariodesanpedro.com.ar\/sitio\/wp-content\/uploads\/2023\/02\/IMG-20230226-WA0005.jpg\" data-src=\"https:\/\/eldiariodesanpedro.com.ar\/sitio\/wp-content\/uploads\/2023\/02\/IMG-20230226-WA0005.jpg\" alt=\"\" class=\"wp-image-115357 lazyload\" data-srcset=\"https:\/\/eldiariodesanpedro.com.ar\/sitio\/wp-content\/uploads\/2023\/02\/IMG-20230226-WA0005.jpg 946w, https:\/\/eldiariodesanpedro.com.ar\/sitio\/wp-content\/uploads\/2023\/02\/IMG-20230226-WA0005-300x200.jpg 300w, https:\/\/eldiariodesanpedro.com.ar\/sitio\/wp-content\/uploads\/2023\/02\/IMG-20230226-WA0005-768x511.jpg 768w\" data-sizes=\"(max-width: 946px) 100vw, 946px\" src=\"data:image\/svg+xml;base64,PHN2ZyB3aWR0aD0iMSIgaGVpZ2h0PSIxIiB4bWxucz0iaHR0cDovL3d3dy53My5vcmcvMjAwMC9zdmciPjwvc3ZnPg==\" style=\"--smush-placeholder-width: 946px; --smush-placeholder-aspect-ratio: 946\/630;\" \/><\/figure>\n","protected":false},"excerpt":{"rendered":"<p>En el gimnasio de Independencia F\u00fatbol Club que cedi\u00f3 sus instalaciones, se concret\u00f3 finalmente el sorteo de las 84 viviendas del barrio que se construye en Villa Depietri junto al Ministerio de Desarrollo Territorial y H\u00e1bitat de la Naci\u00f3n y con el apoyo del Gobierno de la Provincia de Buenos Aires. El Intendente Ram\u00f3n Salazar [&hellip;]<\/p>\n","protected":false},"author":4,"featured_media":115360,"comment_status":"closed","ping_status":"closed","sticky":false,"template":"","format":"standard","meta":{"om_disable_all_campaigns":false,"_jetpack_memberships_contains_paid_content":false,"footnotes":""},"categories":[50,101,2],"tags":[],"class_list":["post-115353","post","type-post","status-publish","format-standard","has-post-thumbnail","hentry","category-destacadas","category-interes-general-locales","category-locales"],"aioseo_notices":[],"gutentor_comment":0,"jetpack_featured_media_url":"https:\/\/eldiariodesanpedro.com.ar\/sitio\/wp-content\/uploads\/2023\/02\/IMG-20230226-WA0001.jpg","jetpack_shortlink":"https:\/\/wp.me\/p6RhLt-u0x","jetpack_sharing_enabled":true,"_links":{"self":[{"href":"https:\/\/eldiariodesanpedro.com.ar\/sitio\/wp-json\/wp\/v2\/posts\/115353","targetHints":{"allow":["GET"]}}],"collection":[{"href":"https:\/\/eldiariodesanpedro.com.ar\/sitio\/wp-json\/wp\/v2\/posts"}],"about":[{"href":"https:\/\/eldiariodesanpedro.com.ar\/sitio\/wp-json\/wp\/v2\/types\/post"}],"author":[{"embeddable":true,"href":"https:\/\/eldiariodesanpedro.com.ar\/sitio\/wp-json\/wp\/v2\/users\/4"}],"replies":[{"embeddable":true,"href":"https:\/\/eldiariodesanpedro.com.ar\/sitio\/wp-json\/wp\/v2\/comments?post=115353"}],"version-history":[{"count":1,"href":"https:\/\/eldiariodesanpedro.com.ar\/sitio\/wp-json\/wp\/v2\/posts\/115353\/revisions"}],"predecessor-version":[{"id":115361,"href":"https:\/\/eldiariodesanpedro.com.ar\/sitio\/wp-json\/wp\/v2\/posts\/115353\/revisions\/115361"}],"wp:featuredmedia":[{"embeddable":true,"href":"https:\/\/eldiariodesanpedro.com.ar\/sitio\/wp-json\/wp\/v2\/media\/115360"}],"wp:attachment":[{"href":"https:\/\/eldiariodesanpedro.com.ar\/sitio\/wp-json\/wp\/v2\/media?parent=115353"}],"wp:term":[{"taxonomy":"category","embeddable":true,"href":"https:\/\/eldiariodesanpedro.com.ar\/sitio\/wp-json\/wp\/v2\/categories?post=115353"},{"taxonomy":"post_tag","embeddable":true,"href":"https:\/\/eldiariodesanpedro.com.ar\/sitio\/wp-json\/wp\/v2\/tags?post=115353"}],"curies":[{"name":"wp","href":"https:\/\/api.w.org\/{rel}","templated":true}]}}