{"id":115351,"date":"2023-02-25T20:37:35","date_gmt":"2023-02-25T23:37:35","guid":{"rendered":"https:\/\/eldiariodesanpedro.com.ar\/sitio\/?p=115351"},"modified":"2026-01-24T00:55:20","modified_gmt":"2026-01-24T03:55:20","slug":"fallecio-ali-jonatan-jesus-de-32-anos-de-edad","status":"publish","type":"post","link":"https:\/\/eldiariodesanpedro.com.ar\/sitio\/fallecio-ali-jonatan-jesus-de-32-anos-de-edad\/","title":{"rendered":"Falleci\u00f3 Al\u00ed Jonatan Jes\u00fas de 32 a\u00f1os de edad"},"content":{"rendered":"<!-- VideographyWP Plugin Message: Automatic video embedding prevented by plugin options. -->\n\n<p>Se informa el fallecimiento de Ali Jonatan Jes\u00fas de 32 a\u00f1os de edad, el sepelio se realizara en la casa velatorio Coopser sala N\u00ba 3.<\/p>\n\n\n\n<p>El sepelio se llevara a cabo desde las 9 hs de ma\u00f1ana domingo 26 de Febrero de 2023 y posteriormente sus restos ser\u00e1n inhumados en el Cementerio Jard\u00edn del Molino.<\/p>\n","protected":false},"excerpt":{"rendered":"<p>Se informa el fallecimiento de Ali Jonatan Jes\u00fas de 32 a\u00f1os de edad, el sepelio se realizara en la casa velatorio Coopser sala N\u00ba 3. El sepelio se llevara a cabo desde las 9 hs de ma\u00f1ana domingo 26 de Febrero de 2023 y posteriormente sus restos ser\u00e1n inhumados en el Cementerio Jard\u00edn del Molino.<\/p>\n","protected":false},"author":4,"featured_media":113757,"comment_status":"closed","ping_status":"closed","sticky":false,"template":"","format":"standard","meta":{"om_disable_all_campaigns":false,"_jetpack_memberships_contains_paid_content":false,"footnotes":""},"categories":[8424],"tags":[197,3399,696,33,19],"class_list":["post-115351","post","type-post","status-publish","format-standard","has-post-thumbnail","hentry","category-necrologicas","tag-buenos-aires","tag-fallecio-ali-jonatan-jesus-de-32-anos-de-edad","tag-interes-general","tag-locales","tag-san-pedro"],"aioseo_notices":[],"gutentor_comment":0,"jetpack_featured_media_url":"https:\/\/eldiariodesanpedro.com.ar\/sitio\/wp-content\/uploads\/2023\/01\/necrologicas.jpg","jetpack_shortlink":"https:\/\/wp.me\/p6RhLt-u0v","jetpack_sharing_enabled":true,"_links":{"self":[{"href":"https:\/\/eldiariodesanpedro.com.ar\/sitio\/wp-json\/wp\/v2\/posts\/115351","targetHints":{"allow":["GET"]}}],"collection":[{"href":"https:\/\/eldiariodesanpedro.com.ar\/sitio\/wp-json\/wp\/v2\/posts"}],"about":[{"href":"https:\/\/eldiariodesanpedro.com.ar\/sitio\/wp-json\/wp\/v2\/types\/post"}],"author":[{"embeddable":true,"href":"https:\/\/eldiariodesanpedro.com.ar\/sitio\/wp-json\/wp\/v2\/users\/4"}],"replies":[{"embeddable":true,"href":"https:\/\/eldiariodesanpedro.com.ar\/sitio\/wp-json\/wp\/v2\/comments?post=115351"}],"version-history":[{"count":1,"href":"https:\/\/eldiariodesanpedro.com.ar\/sitio\/wp-json\/wp\/v2\/posts\/115351\/revisions"}],"predecessor-version":[{"id":115352,"href":"https:\/\/eldiariodesanpedro.com.ar\/sitio\/wp-json\/wp\/v2\/posts\/115351\/revisions\/115352"}],"wp:featuredmedia":[{"embeddable":true,"href":"https:\/\/eldiariodesanpedro.com.ar\/sitio\/wp-json\/wp\/v2\/media\/113757"}],"wp:attachment":[{"href":"https:\/\/eldiariodesanpedro.com.ar\/sitio\/wp-json\/wp\/v2\/media?parent=115351"}],"wp:term":[{"taxonomy":"category","embeddable":true,"href":"https:\/\/eldiariodesanpedro.com.ar\/sitio\/wp-json\/wp\/v2\/categories?post=115351"},{"taxonomy":"post_tag","embeddable":true,"href":"https:\/\/eldiariodesanpedro.com.ar\/sitio\/wp-json\/wp\/v2\/tags?post=115351"}],"curies":[{"name":"wp","href":"https:\/\/api.w.org\/{rel}","templated":true}]}}