{"id":115336,"date":"2023-02-24T21:20:40","date_gmt":"2023-02-25T00:20:40","guid":{"rendered":"https:\/\/eldiariodesanpedro.com.ar\/sitio\/?p=115336"},"modified":"2023-02-24T21:20:42","modified_gmt":"2023-02-25T00:20:42","slug":"el-sorteo-se-realizara-manana-sabado-en-el-salon-del-club-independencia","status":"publish","type":"post","link":"https:\/\/eldiariodesanpedro.com.ar\/sitio\/el-sorteo-se-realizara-manana-sabado-en-el-salon-del-club-independencia\/","title":{"rendered":"El sorteo se realizara ma\u00f1ana sabado en el sal\u00f3n del Club Independencia"},"content":{"rendered":"<!-- VideographyWP Plugin Message: Automatic video embedding prevented by plugin options. -->\n\n<p>La Municipalidad de San Pedro informa que el sorteo de las 84 viviendas del barrio que se construye en Villa Depietri se realizar\u00e1 este s\u00e1bado 25 de febrero en el gimnasio de Independencia F\u00fatbol Club.<\/p>\n\n\n\n<p>A las 16 horas se cumplir\u00e1 con el sorteo de las 8 viviendas destinadas a personas con necesidades especiales y a las 18 horas se concretar\u00e1 el sorteo de las 76 viviendas regulares.<\/p>\n","protected":false},"excerpt":{"rendered":"<p>La Municipalidad de San Pedro informa que el sorteo de las 84 viviendas del barrio que se construye en Villa Depietri se realizar\u00e1 este s\u00e1bado 25 de febrero en el gimnasio de Independencia F\u00fatbol Club. A las 16 horas se cumplir\u00e1 con el sorteo de las 8 viviendas destinadas a personas con necesidades especiales y [&hellip;]<\/p>\n","protected":false},"author":4,"featured_media":115337,"comment_status":"closed","ping_status":"closed","sticky":false,"template":"","format":"standard","meta":{"om_disable_all_campaigns":false,"_jetpack_memberships_contains_paid_content":false,"footnotes":""},"categories":[50,101,2],"tags":[197,696,33,19],"class_list":["post-115336","post","type-post","status-publish","format-standard","has-post-thumbnail","hentry","category-destacadas","category-interes-general-locales","category-locales","tag-buenos-aires","tag-interes-general","tag-locales","tag-san-pedro"],"aioseo_notices":[],"gutentor_comment":0,"jetpack_featured_media_url":"https:\/\/eldiariodesanpedro.com.ar\/sitio\/wp-content\/uploads\/2023\/02\/DSC_0060.jpg","jetpack_shortlink":"https:\/\/wp.me\/p6RhLt-u0g","jetpack_sharing_enabled":true,"_links":{"self":[{"href":"https:\/\/eldiariodesanpedro.com.ar\/sitio\/wp-json\/wp\/v2\/posts\/115336","targetHints":{"allow":["GET"]}}],"collection":[{"href":"https:\/\/eldiariodesanpedro.com.ar\/sitio\/wp-json\/wp\/v2\/posts"}],"about":[{"href":"https:\/\/eldiariodesanpedro.com.ar\/sitio\/wp-json\/wp\/v2\/types\/post"}],"author":[{"embeddable":true,"href":"https:\/\/eldiariodesanpedro.com.ar\/sitio\/wp-json\/wp\/v2\/users\/4"}],"replies":[{"embeddable":true,"href":"https:\/\/eldiariodesanpedro.com.ar\/sitio\/wp-json\/wp\/v2\/comments?post=115336"}],"version-history":[{"count":1,"href":"https:\/\/eldiariodesanpedro.com.ar\/sitio\/wp-json\/wp\/v2\/posts\/115336\/revisions"}],"predecessor-version":[{"id":115338,"href":"https:\/\/eldiariodesanpedro.com.ar\/sitio\/wp-json\/wp\/v2\/posts\/115336\/revisions\/115338"}],"wp:featuredmedia":[{"embeddable":true,"href":"https:\/\/eldiariodesanpedro.com.ar\/sitio\/wp-json\/wp\/v2\/media\/115337"}],"wp:attachment":[{"href":"https:\/\/eldiariodesanpedro.com.ar\/sitio\/wp-json\/wp\/v2\/media?parent=115336"}],"wp:term":[{"taxonomy":"category","embeddable":true,"href":"https:\/\/eldiariodesanpedro.com.ar\/sitio\/wp-json\/wp\/v2\/categories?post=115336"},{"taxonomy":"post_tag","embeddable":true,"href":"https:\/\/eldiariodesanpedro.com.ar\/sitio\/wp-json\/wp\/v2\/tags?post=115336"}],"curies":[{"name":"wp","href":"https:\/\/api.w.org\/{rel}","templated":true}]}}