{"id":115334,"date":"2023-02-24T21:08:09","date_gmt":"2023-02-25T00:08:09","guid":{"rendered":"https:\/\/eldiariodesanpedro.com.ar\/sitio\/?p=115334"},"modified":"2023-02-24T21:08:10","modified_gmt":"2023-02-25T00:08:10","slug":"coopser-trabaja-para-solucionar-los-cortes-de-luz-en-diferentes-puntos-de-la-ciudad-debido-al-temporal","status":"publish","type":"post","link":"https:\/\/eldiariodesanpedro.com.ar\/sitio\/coopser-trabaja-para-solucionar-los-cortes-de-luz-en-diferentes-puntos-de-la-ciudad-debido-al-temporal\/","title":{"rendered":"Coopser trabaja para solucionar los cortes de luz en diferentes puntos de la ciudad debido al temporal"},"content":{"rendered":"<!-- VideographyWP Plugin Message: Automatic video embedding prevented by plugin options. -->\n\n<p>Coopser informa que dentro de los cortes de suministro producto del temporal, se encuentra fuera de servicio una zona del Camino al Aeroclub &#8211; Villa Jard\u00edn, en donde el personal trabaja retirando ramas ca\u00eddas sobre tendido el\u00e9ctrico.<\/p>\n\n\n\n<p>Desde la guardia se van respondiendo los reclamos generales y puntuales, normalizando el servicio en las zonas que se vieron afectadas en los&nbsp;momentos m\u00e1s intensos de la tormenta.<\/p>\n","protected":false},"excerpt":{"rendered":"<p>Coopser informa que dentro de los cortes de suministro producto del temporal, se encuentra fuera de servicio una zona del Camino al Aeroclub &#8211; Villa Jard\u00edn, en donde el personal trabaja retirando ramas ca\u00eddas sobre tendido el\u00e9ctrico. Desde la guardia se van respondiendo los reclamos generales y puntuales, normalizando el servicio en las zonas que [&hellip;]<\/p>\n","protected":false},"author":4,"featured_media":68312,"comment_status":"closed","ping_status":"closed","sticky":false,"template":"","format":"standard","meta":{"om_disable_all_campaigns":false,"_jetpack_memberships_contains_paid_content":false,"footnotes":""},"categories":[101,2],"tags":[197,696,33,19],"class_list":["post-115334","post","type-post","status-publish","format-standard","has-post-thumbnail","hentry","category-interes-general-locales","category-locales","tag-buenos-aires","tag-interes-general","tag-locales","tag-san-pedro"],"aioseo_notices":[],"gutentor_comment":0,"jetpack_featured_media_url":"https:\/\/eldiariodesanpedro.com.ar\/sitio\/wp-content\/uploads\/2020\/02\/coopser1.png","jetpack_shortlink":"https:\/\/wp.me\/p6RhLt-u0e","jetpack_sharing_enabled":true,"_links":{"self":[{"href":"https:\/\/eldiariodesanpedro.com.ar\/sitio\/wp-json\/wp\/v2\/posts\/115334","targetHints":{"allow":["GET"]}}],"collection":[{"href":"https:\/\/eldiariodesanpedro.com.ar\/sitio\/wp-json\/wp\/v2\/posts"}],"about":[{"href":"https:\/\/eldiariodesanpedro.com.ar\/sitio\/wp-json\/wp\/v2\/types\/post"}],"author":[{"embeddable":true,"href":"https:\/\/eldiariodesanpedro.com.ar\/sitio\/wp-json\/wp\/v2\/users\/4"}],"replies":[{"embeddable":true,"href":"https:\/\/eldiariodesanpedro.com.ar\/sitio\/wp-json\/wp\/v2\/comments?post=115334"}],"version-history":[{"count":1,"href":"https:\/\/eldiariodesanpedro.com.ar\/sitio\/wp-json\/wp\/v2\/posts\/115334\/revisions"}],"predecessor-version":[{"id":115335,"href":"https:\/\/eldiariodesanpedro.com.ar\/sitio\/wp-json\/wp\/v2\/posts\/115334\/revisions\/115335"}],"wp:featuredmedia":[{"embeddable":true,"href":"https:\/\/eldiariodesanpedro.com.ar\/sitio\/wp-json\/wp\/v2\/media\/68312"}],"wp:attachment":[{"href":"https:\/\/eldiariodesanpedro.com.ar\/sitio\/wp-json\/wp\/v2\/media?parent=115334"}],"wp:term":[{"taxonomy":"category","embeddable":true,"href":"https:\/\/eldiariodesanpedro.com.ar\/sitio\/wp-json\/wp\/v2\/categories?post=115334"},{"taxonomy":"post_tag","embeddable":true,"href":"https:\/\/eldiariodesanpedro.com.ar\/sitio\/wp-json\/wp\/v2\/tags?post=115334"}],"curies":[{"name":"wp","href":"https:\/\/api.w.org\/{rel}","templated":true}]}}