{"id":115330,"date":"2023-02-24T20:54:28","date_gmt":"2023-02-24T23:54:28","guid":{"rendered":"https:\/\/eldiariodesanpedro.com.ar\/sitio\/?p=115330"},"modified":"2023-02-24T20:54:30","modified_gmt":"2023-02-24T23:54:30","slug":"por-la-tormenta-caida-se-tuvo-que-suspender-el-sorteo-de-las-84-viviendas","status":"publish","type":"post","link":"https:\/\/eldiariodesanpedro.com.ar\/sitio\/por-la-tormenta-caida-se-tuvo-que-suspender-el-sorteo-de-las-84-viviendas\/","title":{"rendered":"Por la tormenta ca\u00edda se tuvo que suspender el sorteo de las 84 viviendas"},"content":{"rendered":"<!-- VideographyWP Plugin Message: Automatic video embedding prevented by plugin options. -->\n\n<p>Frente a un marco de p\u00fablico impresionante se trat\u00f3 de desarrollar el sorteo de las 84 viviendas pero el clima jug\u00f3 una mala pasada.<\/p>\n\n\n\n<p>M\u00e1s de mil personas estuvieron presentes en el sorteo de las 84 viviendas del barrio Dipietri pero a pesar que el pron\u00f3stico del tiempo no anunciaba tormenta, tras el discurso del intendente Ramon Salazar comenz\u00f3 a llover y de manera abundante por lo que se tuvo que suspender.<\/p>\n\n\n\n<p>La lluvia fue constante por lo que se tuvo que levantar todos los equipos de sonido, pantallas y c\u00e1maras por lo que se decidi\u00f3 suspenderlo para otro momento, en primera medida la intenci\u00f3n seria ma\u00f1ana, pero se tiene que poder volver a coordinar todo teniendo en cuenta que el gobierno busca que sea lo m\u00e1s transparente posible para poder transmitirlo en vivo por televisi\u00f3n, radio y redes sociales.<\/p>\n\n\n\n<p>El Secretario de Gobierno Mart\u00edn Baraybar di\u00e1logo con la gente que se refugi\u00f3 debajo del techo de la tribuna del estadio municipal e inform\u00f3 que avisaran por los diferentes medios el d\u00eda que se volver\u00e1 a realizar el sorteo y solicito que por favor est\u00e9n presentes nuevamente.<\/p>\n\n\n\n<iframe data-src=\"https:\/\/www.facebook.com\/plugins\/video.php?height=314&#038;href=https%3A%2F%2Fwww.facebook.com%2Fdiariosp2%2Fvideos%2F6135949369803285%2F&#038;show_text=false&#038;width=560&#038;t=0\" width=\"560\" height=\"314\" style=\"border:none;overflow:hidden\" scrolling=\"no\" frameborder=\"0\" allowfullscreen=\"true\" allow=\"autoplay; clipboard-write; encrypted-media; picture-in-picture; web-share\" allowFullScreen=\"true\" src=\"data:image\/svg+xml;base64,PHN2ZyB3aWR0aD0iMSIgaGVpZ2h0PSIxIiB4bWxucz0iaHR0cDovL3d3dy53My5vcmcvMjAwMC9zdmciPjwvc3ZnPg==\" class=\"lazyload\" data-load-mode=\"1\"><\/iframe>\n\n\n\n<iframe data-src=\"https:\/\/www.facebook.com\/plugins\/video.php?height=476&#038;href=https%3A%2F%2Fwww.facebook.com%2Fdiariosp2%2Fvideos%2F552186700344522%2F&#038;show_text=false&#038;width=267&#038;t=0\" width=\"267\" height=\"476\" style=\"border:none;overflow:hidden\" scrolling=\"no\" frameborder=\"0\" allowfullscreen=\"true\" allow=\"autoplay; clipboard-write; encrypted-media; picture-in-picture; web-share\" allowFullScreen=\"true\" src=\"data:image\/svg+xml;base64,PHN2ZyB3aWR0aD0iMSIgaGVpZ2h0PSIxIiB4bWxucz0iaHR0cDovL3d3dy53My5vcmcvMjAwMC9zdmciPjwvc3ZnPg==\" class=\"lazyload\" data-load-mode=\"1\"><\/iframe>\n\n\n\n<iframe data-src=\"https:\/\/www.facebook.com\/plugins\/post.php?href=https%3A%2F%2Fwww.facebook.com%2Fdiariosp2%2Fposts%2Fpfbid0oiHJh6MtHSBJc85paM8nqALgJHztQ3wieWVPiPmefzNCrV7pnfkemnLwcgXNtx16l&#038;show_text=true&#038;width=500\" width=\"500\" height=\"665\" style=\"border:none;overflow:hidden\" scrolling=\"no\" frameborder=\"0\" allowfullscreen=\"true\" allow=\"autoplay; clipboard-write; encrypted-media; picture-in-picture; web-share\" src=\"data:image\/svg+xml;base64,PHN2ZyB3aWR0aD0iMSIgaGVpZ2h0PSIxIiB4bWxucz0iaHR0cDovL3d3dy53My5vcmcvMjAwMC9zdmciPjwvc3ZnPg==\" class=\"lazyload\" data-load-mode=\"1\"><\/iframe>\n","protected":false},"excerpt":{"rendered":"<p>Frente a un marco de p\u00fablico impresionante se trat\u00f3 de desarrollar el sorteo de las 84 viviendas pero el clima jug\u00f3 una mala pasada. M\u00e1s de mil personas estuvieron presentes en el sorteo de las 84 viviendas del barrio Dipietri pero a pesar que el pron\u00f3stico del tiempo no anunciaba tormenta, tras el discurso del [&hellip;]<\/p>\n","protected":false},"author":4,"featured_media":115331,"comment_status":"closed","ping_status":"closed","sticky":false,"template":"","format":"standard","meta":{"om_disable_all_campaigns":false,"_jetpack_memberships_contains_paid_content":false,"footnotes":""},"categories":[50,101,2],"tags":[197,33,3398,19],"class_list":["post-115330","post","type-post","status-publish","format-standard","has-post-thumbnail","hentry","category-destacadas","category-interes-general-locales","category-locales","tag-buenos-aires","tag-locales","tag-por-la-tormenta-caida-se-tuvo-que-suspender-el-sorteo-de-las-84-viviendas","tag-san-pedro"],"aioseo_notices":[],"gutentor_comment":0,"jetpack_featured_media_url":"https:\/\/eldiariodesanpedro.com.ar\/sitio\/wp-content\/uploads\/2023\/02\/WhatsApp-Image-2023-02-24-at-20.32.31.jpeg","jetpack_shortlink":"https:\/\/wp.me\/p6RhLt-u0a","jetpack_sharing_enabled":true,"_links":{"self":[{"href":"https:\/\/eldiariodesanpedro.com.ar\/sitio\/wp-json\/wp\/v2\/posts\/115330","targetHints":{"allow":["GET"]}}],"collection":[{"href":"https:\/\/eldiariodesanpedro.com.ar\/sitio\/wp-json\/wp\/v2\/posts"}],"about":[{"href":"https:\/\/eldiariodesanpedro.com.ar\/sitio\/wp-json\/wp\/v2\/types\/post"}],"author":[{"embeddable":true,"href":"https:\/\/eldiariodesanpedro.com.ar\/sitio\/wp-json\/wp\/v2\/users\/4"}],"replies":[{"embeddable":true,"href":"https:\/\/eldiariodesanpedro.com.ar\/sitio\/wp-json\/wp\/v2\/comments?post=115330"}],"version-history":[{"count":1,"href":"https:\/\/eldiariodesanpedro.com.ar\/sitio\/wp-json\/wp\/v2\/posts\/115330\/revisions"}],"predecessor-version":[{"id":115332,"href":"https:\/\/eldiariodesanpedro.com.ar\/sitio\/wp-json\/wp\/v2\/posts\/115330\/revisions\/115332"}],"wp:featuredmedia":[{"embeddable":true,"href":"https:\/\/eldiariodesanpedro.com.ar\/sitio\/wp-json\/wp\/v2\/media\/115331"}],"wp:attachment":[{"href":"https:\/\/eldiariodesanpedro.com.ar\/sitio\/wp-json\/wp\/v2\/media?parent=115330"}],"wp:term":[{"taxonomy":"category","embeddable":true,"href":"https:\/\/eldiariodesanpedro.com.ar\/sitio\/wp-json\/wp\/v2\/categories?post=115330"},{"taxonomy":"post_tag","embeddable":true,"href":"https:\/\/eldiariodesanpedro.com.ar\/sitio\/wp-json\/wp\/v2\/tags?post=115330"}],"curies":[{"name":"wp","href":"https:\/\/api.w.org\/{rel}","templated":true}]}}