{"id":115328,"date":"2023-02-24T17:02:35","date_gmt":"2023-02-24T20:02:35","guid":{"rendered":"https:\/\/eldiariodesanpedro.com.ar\/sitio\/?p=115328"},"modified":"2023-02-24T17:02:36","modified_gmt":"2023-02-24T20:02:36","slug":"edicto-de-sucesion-de-roberto-guillermo-cha","status":"publish","type":"post","link":"https:\/\/eldiariodesanpedro.com.ar\/sitio\/edicto-de-sucesion-de-roberto-guillermo-cha\/","title":{"rendered":"Edicto de Sucesi\u00f3n de Roberto Guillermo Cha"},"content":{"rendered":"<!-- VideographyWP Plugin Message: Automatic video embedding prevented by plugin options. -->\n\n<p>El Juzgado Civil y Comercial N\u00b03 de San Nicol\u00e1s, del Departamento Judicial de San Nicol\u00e1s, cita y emplaza por Treinta d\u00edas a herederos y acreedores de <strong>Roberto Guillermo Cha<\/strong>.- San Nicol\u00e1s de Febrero de 2023.-<\/p>\n\n\n\n<p>CARCURO ANTONELA YAEL<br>AUXILIAR LETRADO\u00a0<\/p>\n\n\n\n<p>(Publicaci\u00f3n V\u00e1lida por los d\u00edas 24, 25 y 26 de febrero de 2023)<br><a rel=\"noreferrer noopener\" href=\"https:\/\/notificaciones.scba.gov.ar\/verificarnotificacion.aspx?codNotif=WV4SX6\" target=\"_blank\">https:\/\/notificaciones.scba.gov.ar\/verificarnotificacion.aspx?codNotif=WV4SX6<\/a><\/p>\n","protected":false},"excerpt":{"rendered":"<p>El Juzgado Civil y Comercial N\u00b03 de San Nicol\u00e1s, del Departamento Judicial de San Nicol\u00e1s, cita y emplaza por Treinta d\u00edas a herederos y acreedores de Roberto Guillermo Cha.- San Nicol\u00e1s de Febrero de 2023.- CARCURO ANTONELA YAELAUXILIAR LETRADO\u00a0 (Publicaci\u00f3n V\u00e1lida por los d\u00edas 24, 25 y 26 de febrero de 2023)https:\/\/notificaciones.scba.gov.ar\/verificarnotificacion.aspx?codNotif=WV4SX6<\/p>\n","protected":false},"author":4,"featured_media":102746,"comment_status":"closed","ping_status":"closed","sticky":false,"template":"","format":"standard","meta":{"om_disable_all_campaigns":false,"_jetpack_memberships_contains_paid_content":false,"footnotes":""},"categories":[676,677],"tags":[3397],"class_list":["post-115328","post","type-post","status-publish","format-standard","has-post-thumbnail","hentry","category-edictos","category-edictos-sucesorios","tag-edicto-de-sucesion-de-roberto-guillermo-cha"],"aioseo_notices":[],"gutentor_comment":0,"jetpack_featured_media_url":"https:\/\/eldiariodesanpedro.com.ar\/sitio\/wp-content\/uploads\/2022\/01\/EDICTO.jpg","jetpack_shortlink":"https:\/\/wp.me\/p6RhLt-u08","jetpack_sharing_enabled":true,"_links":{"self":[{"href":"https:\/\/eldiariodesanpedro.com.ar\/sitio\/wp-json\/wp\/v2\/posts\/115328","targetHints":{"allow":["GET"]}}],"collection":[{"href":"https:\/\/eldiariodesanpedro.com.ar\/sitio\/wp-json\/wp\/v2\/posts"}],"about":[{"href":"https:\/\/eldiariodesanpedro.com.ar\/sitio\/wp-json\/wp\/v2\/types\/post"}],"author":[{"embeddable":true,"href":"https:\/\/eldiariodesanpedro.com.ar\/sitio\/wp-json\/wp\/v2\/users\/4"}],"replies":[{"embeddable":true,"href":"https:\/\/eldiariodesanpedro.com.ar\/sitio\/wp-json\/wp\/v2\/comments?post=115328"}],"version-history":[{"count":1,"href":"https:\/\/eldiariodesanpedro.com.ar\/sitio\/wp-json\/wp\/v2\/posts\/115328\/revisions"}],"predecessor-version":[{"id":115329,"href":"https:\/\/eldiariodesanpedro.com.ar\/sitio\/wp-json\/wp\/v2\/posts\/115328\/revisions\/115329"}],"wp:featuredmedia":[{"embeddable":true,"href":"https:\/\/eldiariodesanpedro.com.ar\/sitio\/wp-json\/wp\/v2\/media\/102746"}],"wp:attachment":[{"href":"https:\/\/eldiariodesanpedro.com.ar\/sitio\/wp-json\/wp\/v2\/media?parent=115328"}],"wp:term":[{"taxonomy":"category","embeddable":true,"href":"https:\/\/eldiariodesanpedro.com.ar\/sitio\/wp-json\/wp\/v2\/categories?post=115328"},{"taxonomy":"post_tag","embeddable":true,"href":"https:\/\/eldiariodesanpedro.com.ar\/sitio\/wp-json\/wp\/v2\/tags?post=115328"}],"curies":[{"name":"wp","href":"https:\/\/api.w.org\/{rel}","templated":true}]}}