{"id":115321,"date":"2023-02-24T16:28:20","date_gmt":"2023-02-24T19:28:20","guid":{"rendered":"https:\/\/eldiariodesanpedro.com.ar\/sitio\/?p=115321"},"modified":"2023-02-24T16:28:22","modified_gmt":"2023-02-24T19:28:22","slug":"una-joven-intento-robar-una-botella-de-gancia","status":"publish","type":"post","link":"https:\/\/eldiariodesanpedro.com.ar\/sitio\/una-joven-intento-robar-una-botella-de-gancia\/","title":{"rendered":"Una joven intento robar una botella de Ganc\u00eda"},"content":{"rendered":"<!-- VideographyWP Plugin Message: Automatic video embedding prevented by plugin options. -->\n\n<p>El pasado jueves en horas de la madrugada el personal policial en recorrida, tras r\u00e1pido accionar en calles Miguel Porta y Ayacucho, aprehende a una mujer de 28 a\u00f1os,&nbsp; la cual momentos antes intento sustraer botella de \u00abGanc\u00eda\u00bb de negocio propiedad de ciudadana de 67 a\u00f1os ubicado en la intersecci\u00f3n de menci\u00f3n.&nbsp;<\/p>\n\n\n\n<p>Interviene UFI 05 dispone se notifique a la imputada de la causa y que permanezca en la dependencia.<\/p>\n","protected":false},"excerpt":{"rendered":"<p>El pasado jueves en horas de la madrugada el personal policial en recorrida, tras r\u00e1pido accionar en calles Miguel Porta y Ayacucho, aprehende a una mujer de 28 a\u00f1os,&nbsp; la cual momentos antes intento sustraer botella de \u00abGanc\u00eda\u00bb de negocio propiedad de ciudadana de 67 a\u00f1os ubicado en la intersecci\u00f3n de menci\u00f3n.&nbsp; Interviene UFI 05 [&hellip;]<\/p>\n","protected":false},"author":4,"featured_media":115322,"comment_status":"closed","ping_status":"closed","sticky":false,"template":"","format":"standard","meta":{"om_disable_all_campaigns":false,"_jetpack_memberships_contains_paid_content":false,"footnotes":""},"categories":[2,103],"tags":[197,33,95,19],"class_list":["post-115321","post","type-post","status-publish","format-standard","has-post-thumbnail","hentry","category-locales","category-policiales-locales","tag-buenos-aires","tag-locales","tag-policiales","tag-san-pedro"],"aioseo_notices":[],"gutentor_comment":0,"jetpack_featured_media_url":"https:\/\/eldiariodesanpedro.com.ar\/sitio\/wp-content\/uploads\/2023\/02\/medida-2-15.jpg","jetpack_shortlink":"https:\/\/wp.me\/p6RhLt-u01","jetpack_sharing_enabled":true,"_links":{"self":[{"href":"https:\/\/eldiariodesanpedro.com.ar\/sitio\/wp-json\/wp\/v2\/posts\/115321","targetHints":{"allow":["GET"]}}],"collection":[{"href":"https:\/\/eldiariodesanpedro.com.ar\/sitio\/wp-json\/wp\/v2\/posts"}],"about":[{"href":"https:\/\/eldiariodesanpedro.com.ar\/sitio\/wp-json\/wp\/v2\/types\/post"}],"author":[{"embeddable":true,"href":"https:\/\/eldiariodesanpedro.com.ar\/sitio\/wp-json\/wp\/v2\/users\/4"}],"replies":[{"embeddable":true,"href":"https:\/\/eldiariodesanpedro.com.ar\/sitio\/wp-json\/wp\/v2\/comments?post=115321"}],"version-history":[{"count":1,"href":"https:\/\/eldiariodesanpedro.com.ar\/sitio\/wp-json\/wp\/v2\/posts\/115321\/revisions"}],"predecessor-version":[{"id":115323,"href":"https:\/\/eldiariodesanpedro.com.ar\/sitio\/wp-json\/wp\/v2\/posts\/115321\/revisions\/115323"}],"wp:featuredmedia":[{"embeddable":true,"href":"https:\/\/eldiariodesanpedro.com.ar\/sitio\/wp-json\/wp\/v2\/media\/115322"}],"wp:attachment":[{"href":"https:\/\/eldiariodesanpedro.com.ar\/sitio\/wp-json\/wp\/v2\/media?parent=115321"}],"wp:term":[{"taxonomy":"category","embeddable":true,"href":"https:\/\/eldiariodesanpedro.com.ar\/sitio\/wp-json\/wp\/v2\/categories?post=115321"},{"taxonomy":"post_tag","embeddable":true,"href":"https:\/\/eldiariodesanpedro.com.ar\/sitio\/wp-json\/wp\/v2\/tags?post=115321"}],"curies":[{"name":"wp","href":"https:\/\/api.w.org\/{rel}","templated":true}]}}