{"id":115318,"date":"2023-02-24T16:18:29","date_gmt":"2023-02-24T19:18:29","guid":{"rendered":"https:\/\/eldiariodesanpedro.com.ar\/sitio\/?p=115318"},"modified":"2023-02-24T16:18:30","modified_gmt":"2023-02-24T19:18:30","slug":"se-secuestraron-nueve-motocicletas-en-operativo-de-transito","status":"publish","type":"post","link":"https:\/\/eldiariodesanpedro.com.ar\/sitio\/se-secuestraron-nueve-motocicletas-en-operativo-de-transito\/","title":{"rendered":"Se secuestraron nueve motocicletas en operativo de transito"},"content":{"rendered":"<!-- VideographyWP Plugin Message: Automatic video embedding prevented by plugin options. -->\n\n<p>En el d\u00eda de ayer en horas de la tarde, el personal policial en colaboraci\u00f3n con Inspecci\u00f3n Municipal en operativo de tr\u00e1nsito vehicular en Mitre en su intersecci\u00f3n con Alvear realiza operativo&nbsp; identificando de 15 ciudadanos y 15 veh\u00edculos, arrojando c\u00f3mo resultado el secuestro de 09 motocicletas por Infracci\u00f3n a la ley 24.449.<\/p>\n\n\n\n<p>Interviene Juzgado de Faltas Local.-&nbsp;<\/p>\n","protected":false},"excerpt":{"rendered":"<p>En el d\u00eda de ayer en horas de la tarde, el personal policial en colaboraci\u00f3n con Inspecci\u00f3n Municipal en operativo de tr\u00e1nsito vehicular en Mitre en su intersecci\u00f3n con Alvear realiza operativo&nbsp; identificando de 15 ciudadanos y 15 veh\u00edculos, arrojando c\u00f3mo resultado el secuestro de 09 motocicletas por Infracci\u00f3n a la ley 24.449. Interviene Juzgado [&hellip;]<\/p>\n","protected":false},"author":4,"featured_media":115319,"comment_status":"closed","ping_status":"closed","sticky":false,"template":"","format":"standard","meta":{"om_disable_all_campaigns":false,"_jetpack_memberships_contains_paid_content":false,"footnotes":""},"categories":[2,103],"tags":[197,33,95,19],"class_list":["post-115318","post","type-post","status-publish","format-standard","has-post-thumbnail","hentry","category-locales","category-policiales-locales","tag-buenos-aires","tag-locales","tag-policiales","tag-san-pedro"],"aioseo_notices":[],"gutentor_comment":0,"jetpack_featured_media_url":"https:\/\/eldiariodesanpedro.com.ar\/sitio\/wp-content\/uploads\/2023\/02\/medida-2-14.jpg","jetpack_shortlink":"https:\/\/wp.me\/p6RhLt-tZY","jetpack_sharing_enabled":true,"_links":{"self":[{"href":"https:\/\/eldiariodesanpedro.com.ar\/sitio\/wp-json\/wp\/v2\/posts\/115318","targetHints":{"allow":["GET"]}}],"collection":[{"href":"https:\/\/eldiariodesanpedro.com.ar\/sitio\/wp-json\/wp\/v2\/posts"}],"about":[{"href":"https:\/\/eldiariodesanpedro.com.ar\/sitio\/wp-json\/wp\/v2\/types\/post"}],"author":[{"embeddable":true,"href":"https:\/\/eldiariodesanpedro.com.ar\/sitio\/wp-json\/wp\/v2\/users\/4"}],"replies":[{"embeddable":true,"href":"https:\/\/eldiariodesanpedro.com.ar\/sitio\/wp-json\/wp\/v2\/comments?post=115318"}],"version-history":[{"count":1,"href":"https:\/\/eldiariodesanpedro.com.ar\/sitio\/wp-json\/wp\/v2\/posts\/115318\/revisions"}],"predecessor-version":[{"id":115320,"href":"https:\/\/eldiariodesanpedro.com.ar\/sitio\/wp-json\/wp\/v2\/posts\/115318\/revisions\/115320"}],"wp:featuredmedia":[{"embeddable":true,"href":"https:\/\/eldiariodesanpedro.com.ar\/sitio\/wp-json\/wp\/v2\/media\/115319"}],"wp:attachment":[{"href":"https:\/\/eldiariodesanpedro.com.ar\/sitio\/wp-json\/wp\/v2\/media?parent=115318"}],"wp:term":[{"taxonomy":"category","embeddable":true,"href":"https:\/\/eldiariodesanpedro.com.ar\/sitio\/wp-json\/wp\/v2\/categories?post=115318"},{"taxonomy":"post_tag","embeddable":true,"href":"https:\/\/eldiariodesanpedro.com.ar\/sitio\/wp-json\/wp\/v2\/tags?post=115318"}],"curies":[{"name":"wp","href":"https:\/\/api.w.org\/{rel}","templated":true}]}}