{"id":115315,"date":"2023-02-24T15:59:26","date_gmt":"2023-02-24T18:59:26","guid":{"rendered":"https:\/\/eldiariodesanpedro.com.ar\/sitio\/?p=115315"},"modified":"2023-02-24T15:59:28","modified_gmt":"2023-02-24T18:59:28","slug":"se-aprehendieron-a-dos-sujetos-que-vendian-frutas-y-verduras-sin-permiso-en-la-via-publica","status":"publish","type":"post","link":"https:\/\/eldiariodesanpedro.com.ar\/sitio\/se-aprehendieron-a-dos-sujetos-que-vendian-frutas-y-verduras-sin-permiso-en-la-via-publica\/","title":{"rendered":"Se aprehendieron a dos sujetos que vend\u00edan frutas y verduras sin permiso en la v\u00eda p\u00fablica"},"content":{"rendered":"<!-- VideographyWP Plugin Message: Automatic video embedding prevented by plugin options. -->\n\n<p>Este jueves el personal policial se hace presente en calle Dr. Doyle y Sarmiento de la vecina localidad de Santa Lucia, donde procede a la aprehensi\u00f3n de dos masculinos de 31 y 37 a\u00f1os de edad, quienes se encontraban realizando venta de frutas y verduras sin permiso y sin registro referente a su adquisici\u00f3n.<\/p>\n\n\n\n<p>Procediendo a realizar las correspondientes actuaciones por infracci\u00f3n al art. 85 Ley 8031. Interviene Juzgado de Paz, dispone Not. causa, y secuestro de mercader\u00eda.-<\/p>\n","protected":false},"excerpt":{"rendered":"<p>Este jueves el personal policial se hace presente en calle Dr. Doyle y Sarmiento de la vecina localidad de Santa Lucia, donde procede a la aprehensi\u00f3n de dos masculinos de 31 y 37 a\u00f1os de edad, quienes se encontraban realizando venta de frutas y verduras sin permiso y sin registro referente a su adquisici\u00f3n. Procediendo [&hellip;]<\/p>\n","protected":false},"author":4,"featured_media":115316,"comment_status":"closed","ping_status":"closed","sticky":false,"template":"","format":"standard","meta":{"om_disable_all_campaigns":false,"_jetpack_memberships_contains_paid_content":false,"footnotes":""},"categories":[2,103],"tags":[197,33,95,19],"class_list":["post-115315","post","type-post","status-publish","format-standard","has-post-thumbnail","hentry","category-locales","category-policiales-locales","tag-buenos-aires","tag-locales","tag-policiales","tag-san-pedro"],"aioseo_notices":[],"gutentor_comment":0,"jetpack_featured_media_url":"https:\/\/eldiariodesanpedro.com.ar\/sitio\/wp-content\/uploads\/2023\/02\/medida-2-13.jpg","jetpack_shortlink":"https:\/\/wp.me\/p6RhLt-tZV","jetpack_sharing_enabled":true,"_links":{"self":[{"href":"https:\/\/eldiariodesanpedro.com.ar\/sitio\/wp-json\/wp\/v2\/posts\/115315","targetHints":{"allow":["GET"]}}],"collection":[{"href":"https:\/\/eldiariodesanpedro.com.ar\/sitio\/wp-json\/wp\/v2\/posts"}],"about":[{"href":"https:\/\/eldiariodesanpedro.com.ar\/sitio\/wp-json\/wp\/v2\/types\/post"}],"author":[{"embeddable":true,"href":"https:\/\/eldiariodesanpedro.com.ar\/sitio\/wp-json\/wp\/v2\/users\/4"}],"replies":[{"embeddable":true,"href":"https:\/\/eldiariodesanpedro.com.ar\/sitio\/wp-json\/wp\/v2\/comments?post=115315"}],"version-history":[{"count":1,"href":"https:\/\/eldiariodesanpedro.com.ar\/sitio\/wp-json\/wp\/v2\/posts\/115315\/revisions"}],"predecessor-version":[{"id":115317,"href":"https:\/\/eldiariodesanpedro.com.ar\/sitio\/wp-json\/wp\/v2\/posts\/115315\/revisions\/115317"}],"wp:featuredmedia":[{"embeddable":true,"href":"https:\/\/eldiariodesanpedro.com.ar\/sitio\/wp-json\/wp\/v2\/media\/115316"}],"wp:attachment":[{"href":"https:\/\/eldiariodesanpedro.com.ar\/sitio\/wp-json\/wp\/v2\/media?parent=115315"}],"wp:term":[{"taxonomy":"category","embeddable":true,"href":"https:\/\/eldiariodesanpedro.com.ar\/sitio\/wp-json\/wp\/v2\/categories?post=115315"},{"taxonomy":"post_tag","embeddable":true,"href":"https:\/\/eldiariodesanpedro.com.ar\/sitio\/wp-json\/wp\/v2\/tags?post=115315"}],"curies":[{"name":"wp","href":"https:\/\/api.w.org\/{rel}","templated":true}]}}