{"id":115309,"date":"2023-02-24T15:39:06","date_gmt":"2023-02-24T18:39:06","guid":{"rendered":"https:\/\/eldiariodesanpedro.com.ar\/sitio\/?p=115309"},"modified":"2023-02-24T15:39:07","modified_gmt":"2023-02-24T18:39:07","slug":"un-joven-aprehendido-por-agredir-y-amenazar-a-su-madre","status":"publish","type":"post","link":"https:\/\/eldiariodesanpedro.com.ar\/sitio\/un-joven-aprehendido-por-agredir-y-amenazar-a-su-madre\/","title":{"rendered":"Un joven aprehendido por agredir y amenazar a su madre"},"content":{"rendered":"<!-- VideographyWP Plugin Message: Automatic video embedding prevented by plugin options. -->\n\n<p>Este jueves en horas de la tarde noche en el destacamento se recibi\u00f3 la denuncia de una ciudadana de 42 a\u00f1os de edad, que declaro que alrededor de las 07 horas del mismo d\u00eda constata que autores ignorados sustraen de la puerta de su domicilio ubicada en calle San Juan s\/n, de la localidad de Gobernador Castro, autom\u00f3vil marca Citro\u00ebn C4, de color negro.<\/p>\n\n\n\n<p>Conocimiento UFI N\u00b0 05, se investiga.-<\/p>\n","protected":false},"excerpt":{"rendered":"<p>Este jueves en horas de la tarde noche en el destacamento se recibi\u00f3 la denuncia de una ciudadana de 42 a\u00f1os de edad, que declaro que alrededor de las 07 horas del mismo d\u00eda constata que autores ignorados sustraen de la puerta de su domicilio ubicada en calle San Juan s\/n, de la localidad de [&hellip;]<\/p>\n","protected":false},"author":4,"featured_media":115310,"comment_status":"closed","ping_status":"closed","sticky":false,"template":"","format":"standard","meta":{"om_disable_all_campaigns":false,"_jetpack_memberships_contains_paid_content":false,"footnotes":""},"categories":[2,103],"tags":[],"class_list":["post-115309","post","type-post","status-publish","format-standard","has-post-thumbnail","hentry","category-locales","category-policiales-locales"],"aioseo_notices":[],"gutentor_comment":0,"jetpack_featured_media_url":"https:\/\/eldiariodesanpedro.com.ar\/sitio\/wp-content\/uploads\/2023\/02\/medida-2-11.jpg","jetpack_shortlink":"https:\/\/wp.me\/p6RhLt-tZP","jetpack_sharing_enabled":true,"_links":{"self":[{"href":"https:\/\/eldiariodesanpedro.com.ar\/sitio\/wp-json\/wp\/v2\/posts\/115309","targetHints":{"allow":["GET"]}}],"collection":[{"href":"https:\/\/eldiariodesanpedro.com.ar\/sitio\/wp-json\/wp\/v2\/posts"}],"about":[{"href":"https:\/\/eldiariodesanpedro.com.ar\/sitio\/wp-json\/wp\/v2\/types\/post"}],"author":[{"embeddable":true,"href":"https:\/\/eldiariodesanpedro.com.ar\/sitio\/wp-json\/wp\/v2\/users\/4"}],"replies":[{"embeddable":true,"href":"https:\/\/eldiariodesanpedro.com.ar\/sitio\/wp-json\/wp\/v2\/comments?post=115309"}],"version-history":[{"count":1,"href":"https:\/\/eldiariodesanpedro.com.ar\/sitio\/wp-json\/wp\/v2\/posts\/115309\/revisions"}],"predecessor-version":[{"id":115311,"href":"https:\/\/eldiariodesanpedro.com.ar\/sitio\/wp-json\/wp\/v2\/posts\/115309\/revisions\/115311"}],"wp:featuredmedia":[{"embeddable":true,"href":"https:\/\/eldiariodesanpedro.com.ar\/sitio\/wp-json\/wp\/v2\/media\/115310"}],"wp:attachment":[{"href":"https:\/\/eldiariodesanpedro.com.ar\/sitio\/wp-json\/wp\/v2\/media?parent=115309"}],"wp:term":[{"taxonomy":"category","embeddable":true,"href":"https:\/\/eldiariodesanpedro.com.ar\/sitio\/wp-json\/wp\/v2\/categories?post=115309"},{"taxonomy":"post_tag","embeddable":true,"href":"https:\/\/eldiariodesanpedro.com.ar\/sitio\/wp-json\/wp\/v2\/tags?post=115309"}],"curies":[{"name":"wp","href":"https:\/\/api.w.org\/{rel}","templated":true}]}}