{"id":115296,"date":"2023-02-24T14:15:06","date_gmt":"2023-02-24T17:15:06","guid":{"rendered":"https:\/\/eldiariodesanpedro.com.ar\/sitio\/?p=115296"},"modified":"2023-02-24T14:15:08","modified_gmt":"2023-02-24T17:15:08","slug":"la-camara-de-martilleros-elevo-a-la-provincia-un-proyecto-para-incentivar-el-mercado-de-viviendas-para-alquilar%ef%bf%bc","status":"publish","type":"post","link":"https:\/\/eldiariodesanpedro.com.ar\/sitio\/la-camara-de-martilleros-elevo-a-la-provincia-un-proyecto-para-incentivar-el-mercado-de-viviendas-para-alquilar%ef%bf%bc\/","title":{"rendered":"La C\u00e1mara de Martilleros elev\u00f3 a la Provincia un proyecto para incentivar el mercado de viviendas para alquilar\ufffc"},"content":{"rendered":"<!-- VideographyWP Plugin Message: Automatic video embedding prevented by plugin options. -->\n\n<p>Bajo el t\u00edtulo \u00abIncentivo para la construcci\u00f3n y compra de inmuebles con destino de la renta habitacional\u00bb, la C\u00e1mara de Martilleros y Corredores P\u00fablicos de San Pedro present\u00f3 una iniciativa que ha sido elaborada por los integrantes del grupo, como respuesta a uno de los temas m\u00e1s complejos que hoy enfrenta la econom\u00eda de centenares de familias.<\/p>\n\n\n\n<p>Este proyecto fue explicado por el Presidente de la C\u00e1mara Daniel Churruar\u00edn, &nbsp;en la reuni\u00f3n que representantes de diferentes sectores mantuvieron hace algunos d\u00edas con el Gobernador Axel Kicillof y por instrucciones del mandatario provincial fue girado a Mariano Pinedo, Director Ejecutivo de la Agencia de Asistencia T\u00e9cnico Legislativa del Ministerio de Justicia y Derechos Humanos bonaerense, que comprometi\u00f3 su an\u00e1lisis para concertar un nuevo encuentro en el que se puedan analizar algunas de las propuestas para su implementaci\u00f3n.&nbsp;Adem\u00e1s la vicegobernadora Ver\u00f3nica Magario recibi\u00f3 en este encuentro una copia del mismo, para su an\u00e1lisis.<\/p>\n\n\n\n<p>La evaluaci\u00f3n realizada por los profesionales locales con el respaldo del Colegio de Martilleros y Corredores P\u00fablicos de San Nicol\u00e1s, &nbsp;destaca el bajo inter\u00e9s que hoy existe para colocar en el mercado de alquileres las viviendas disponibles, por la &nbsp;baja rentabilidad que otorgan y las complicaciones que existen en la relaci\u00f3n propietario-inquilino.<\/p>\n\n\n\n<p>La propuesta est\u00e1 orientada a generar condiciones que estimulen a inversores con beneficios generales en cada instancia del plan de construcci\u00f3n, con la condici\u00f3n de que las mismas sean derivadas a la oferta de alquileres.<\/p>\n\n\n\n<p>Para generar ese marco favorable a la inversi\u00f3n en este tipo de viviendas se convoca a participar a los colegios profesionales que intervienen con aranceles obligatorios, al Estado en la revisi\u00f3n de las cargas impositivas y tasas, y a proveedores de materiales de construcci\u00f3n para que cuenten con alg\u00fan beneficio en la participaci\u00f3n como integrantes del programa.<\/p>\n\n\n\n<p>Por otra parte, se establecen condiciones generales menos gravosas y m\u00e1s favorables para que se puedan colocar las viviendas ya construidas en el mercado de alquileres.<\/p>\n\n\n\n<p>\u00abSin nuevos loteos o construcciones, no se compran terrenos, no se venden unidades para vivienda y el Estado no cobra impuestos, sellados, ni se cobran honorarios en ning\u00fan \u00e1rea profesional como escriban\u00edas, inmobiliarias, agrimensores, etc.\u00bb destaca el proyecto. Se pone \u00e9nfasis adem\u00e1s en otras razones por las cu\u00e1les las exenciones que desde el Estado pudieren generarse para los participantes del programa, se recuperar\u00e1n con el movimiento econ\u00f3mico que la reactivaci\u00f3n de la construcci\u00f3n y del mercado deber\u00edan tener.<\/p>\n\n\n\n<p>Desde la C\u00e1mara se agradece el inter\u00e9s demostrado por otros participantes de esta reuni\u00f3n y se reiter\u00f3 la predisposici\u00f3n a colaborar local y provincialmente en el seguimiento de este tema tan importante.&nbsp; Contin\u00faan adem\u00e1s, las reuniones peri\u00f3dicas a la espera de respuestas con relaci\u00f3n a este y otros temas que son seguidos con atenci\u00f3n a nivel local y a trav\u00e9s del Colegio a nivel regional.<\/p>\n","protected":false},"excerpt":{"rendered":"<p>Bajo el t\u00edtulo \u00abIncentivo para la construcci\u00f3n y compra de inmuebles con destino de la renta habitacional\u00bb, la C\u00e1mara de Martilleros y Corredores P\u00fablicos de San Pedro present\u00f3 una iniciativa que ha sido elaborada por los integrantes del grupo, como respuesta a uno de los temas m\u00e1s complejos que hoy enfrenta la econom\u00eda de centenares [&hellip;]<\/p>\n","protected":false},"author":4,"featured_media":115297,"comment_status":"closed","ping_status":"closed","sticky":false,"template":"","format":"standard","meta":{"om_disable_all_campaigns":false,"_jetpack_memberships_contains_paid_content":false,"footnotes":""},"categories":[50,101,2],"tags":[197,696,33,19],"class_list":["post-115296","post","type-post","status-publish","format-standard","has-post-thumbnail","hentry","category-destacadas","category-interes-general-locales","category-locales","tag-buenos-aires","tag-interes-general","tag-locales","tag-san-pedro"],"aioseo_notices":[],"gutentor_comment":0,"jetpack_featured_media_url":"https:\/\/eldiariodesanpedro.com.ar\/sitio\/wp-content\/uploads\/2023\/02\/PROYECTO.jpeg","jetpack_shortlink":"https:\/\/wp.me\/p6RhLt-tZC","jetpack_sharing_enabled":true,"_links":{"self":[{"href":"https:\/\/eldiariodesanpedro.com.ar\/sitio\/wp-json\/wp\/v2\/posts\/115296","targetHints":{"allow":["GET"]}}],"collection":[{"href":"https:\/\/eldiariodesanpedro.com.ar\/sitio\/wp-json\/wp\/v2\/posts"}],"about":[{"href":"https:\/\/eldiariodesanpedro.com.ar\/sitio\/wp-json\/wp\/v2\/types\/post"}],"author":[{"embeddable":true,"href":"https:\/\/eldiariodesanpedro.com.ar\/sitio\/wp-json\/wp\/v2\/users\/4"}],"replies":[{"embeddable":true,"href":"https:\/\/eldiariodesanpedro.com.ar\/sitio\/wp-json\/wp\/v2\/comments?post=115296"}],"version-history":[{"count":1,"href":"https:\/\/eldiariodesanpedro.com.ar\/sitio\/wp-json\/wp\/v2\/posts\/115296\/revisions"}],"predecessor-version":[{"id":115298,"href":"https:\/\/eldiariodesanpedro.com.ar\/sitio\/wp-json\/wp\/v2\/posts\/115296\/revisions\/115298"}],"wp:featuredmedia":[{"embeddable":true,"href":"https:\/\/eldiariodesanpedro.com.ar\/sitio\/wp-json\/wp\/v2\/media\/115297"}],"wp:attachment":[{"href":"https:\/\/eldiariodesanpedro.com.ar\/sitio\/wp-json\/wp\/v2\/media?parent=115296"}],"wp:term":[{"taxonomy":"category","embeddable":true,"href":"https:\/\/eldiariodesanpedro.com.ar\/sitio\/wp-json\/wp\/v2\/categories?post=115296"},{"taxonomy":"post_tag","embeddable":true,"href":"https:\/\/eldiariodesanpedro.com.ar\/sitio\/wp-json\/wp\/v2\/tags?post=115296"}],"curies":[{"name":"wp","href":"https:\/\/api.w.org\/{rel}","templated":true}]}}