{"id":115292,"date":"2023-02-24T13:50:34","date_gmt":"2023-02-24T16:50:34","guid":{"rendered":"https:\/\/eldiariodesanpedro.com.ar\/sitio\/?p=115292"},"modified":"2023-02-24T13:50:35","modified_gmt":"2023-02-24T16:50:35","slug":"detuvieron-al-supuesto-contratante-de-los-sicarios-que-mataron-a-mauricio-cordara","status":"publish","type":"post","link":"https:\/\/eldiariodesanpedro.com.ar\/sitio\/detuvieron-al-supuesto-contratante-de-los-sicarios-que-mataron-a-mauricio-cordara\/","title":{"rendered":"Detuvieron al supuesto contratante de los sicarios que mataron a Mauricio Cordara"},"content":{"rendered":"<!-- VideographyWP Plugin Message: Automatic video embedding prevented by plugin options. -->\n\n<p>Juli\u00e1n G\u00f3mez fue aprehendido en Rosario, donde habr\u00eda contactado al asesinado a sueldo apodado Calamar para ejecutar al dirigente ruralista Mauricio Cordara, estrecho colaborador de Pablo Ansaloni, que era el verdadero blanco del ataque ocurrido en noviembre pasado en la ciudad bonaerense de Col\u00f3n.<\/p>\n\n\n\n<p>Un nuevo cap\u00edtulo de la saga en torno al crimen del dirigente de la Uni\u00f3n Argentina de Trabajadores Rurales y Estibadores (Uatre) Mauricio Cordara, asesinado por un sicario rosarino el 18 de noviembre pasado en la ciudad bonaerense de Col\u00f3n, se termin\u00f3 de escribir en las \u00faltimas horas, con la detenci\u00f3n en Rosario de Juli\u00e1n G\u00f3mez, acusado de ser part\u00edcipe del asesinato del chofer del exdiputado Pablo Ansaloni, quien era el blanco del ataque.<\/p>\n\n\n\n<p>Seg\u00fan los investigadores de la causa, que se tramita en la fiscal\u00eda de Col\u00f3n, provincia de Buenos Aires, G\u00f3mez ser\u00eda quien contrat\u00f3 a Alfredo Almir\u00f3n, alias Calamar, el sicario que ejecut\u00f3 en la vereda de la casa de Ansaloni a Mauricio Cordara, quien hab\u00eda trasladado a los hijos del sindicalista desde Buenos Aires a Col\u00f3n. Calamar sigue pr\u00f3fugo.<\/p>\n\n\n\n<p>En la fiscal\u00eda de Col\u00f3n, que est\u00e1 a cargo de Magdalena Brandt, sospechan que el blanco del ataque era Ansaloni. El sicario habr\u00eda cometido un error al matar a Cordara, quien ese d\u00eda ocup\u00f3 el lugar del exlegislador de Juntos por el Cambio, que estaba de viaje en Misiones, y no pudo viajar con sus dos hijos desde Buenos Aires a Col\u00f3n, una rutina que cumpl\u00eda todos los viernes.<\/p>\n\n\n\n<p>G\u00f3mez es el sexto detenido en torno a este caso. Y ser\u00eda una pieza clave para develar qui\u00e9n habr\u00eda pagado una suma de dinero \u2013se sospecha que 300.000 pesos- para matar al excandidato a secretario general de Uatre. Ansaloni perdi\u00f3 en las elecciones en el gremio, que se realizaron el 21 de diciembre en Bah\u00eda Blanca, en una asamblea donde se impuso V\u00edctor Voytenco.<\/p>\n\n\n\n<p>El 21 de enero pasado, efectivos de la Agencia de Investigaci\u00f3n Criminal (AIC), al mando del comisario Dami\u00e1n Meza, detuvieron a Iv\u00e1n Alonso, un joven de 19 a\u00f1os que condujo al sicario en un Fiat Palio color rojo desde Rosario hasta Col\u00f3n aquel 18 de noviembre, cuando esperaron en la esquina de la casa de Ansaloni a que arribara el auto \u2013un VW Vento\u2013 en el que el exdiputado trasladaba todos los viernes a sus hijos desde Buenos Aires hasta aquella localidad bonaerense de donde es oriundo.<\/p>\n\n\n\n<p>Pero, el d\u00eda del crimen, Ansaloni cambi\u00f3 de planes. Estaba en Misiones de campa\u00f1a electoral de cara a las elecciones en el gremio y le pidi\u00f3 a Cordara que cumpliera con el ritual del traslado de los chicos. Los sicarios no lo sab\u00edan y el que recibi\u00f3 los siete disparos mortales fue el chofer.<\/p>\n\n\n\n<p>Alonso es otra pieza clave en la investigaci\u00f3n en la que tambi\u00e9n participa el fiscal rosarino Mat\u00edas Edery. No solo conoce detalles de c\u00f3mo se gest\u00f3 el crimen del dirigente gremial, sino tambi\u00e9n sabr\u00eda d\u00f3nde podr\u00eda ocultarse el autor material del homicidio. Seg\u00fan sospechan los investigadores, ser\u00eda el Calamar Almir\u00f3n, que eventualmente forma parte del grupo criminal Los Romero.<\/p>\n\n\n\n<p>A trav\u00e9s del prisma de esta investigaci\u00f3n, que avanz\u00f3 a un ritmo intenso desde el 18 de noviembre pasado, se trasluce el submundo de la violencia y de los asesinos a sueldo en Rosario, en la que aparecen bandas que tienen actividades m\u00faltiples, como Los Romero, que manejan b\u00fankeres de venta de drogas, compran y venden autos robados y, adem\u00e1s, aportan a cambio de dinero mano de obra para matar, sicarios que, como en este caso, a veces cometen \u201cerrores\u201d.<\/p>\n\n\n\n<p>La confirmaci\u00f3n de que los sicarios se equivocaron de blanco surgi\u00f3 de una escucha en la c\u00e1rcel de Pi\u00f1ero. \u201cLe regatill\u00f3. Le dieron al que no era\u201d, dijo \u00c1ngel Ochoa, un recluso que vend\u00eda autos robados desde el penal. El comprador del auto, seg\u00fan la imputaci\u00f3n que se realiz\u00f3 hace dos semanas, fue Fernando Burgos, otro joven que est\u00e1 detenido. Aport\u00f3 el veh\u00edculo para que Iv\u00e1n Alonso y el sicario fueran a ejecutar a Ansaloni. A\u00fan resta desentra\u00f1ar qui\u00e9n pudo ser el autor intelectual.<\/p>\n\n\n\n<p>La clave para empezar a esclarecer el crimen fue el secuestro del auto que se us\u00f3 para matar a Cordara. El 28 de noviembre, diez d\u00edas despu\u00e9s de la ejecuci\u00f3n, agentes de la AIC detuvieron a Ram\u00f3n Vallejos, miembro del clan Romero, padre de Hern\u00e1n Vallejos, conocido como Lichi Romero, con el veh\u00edculo en la estaci\u00f3n de servicio de Baigorria y Circunvalaci\u00f3n.<\/p>\n\n\n\n<p>Los Romero son una hist\u00f3rica banda que, como la mayor\u00eda, se dedicaba a los delitos comunes, como entraderas y robos, hasta que deriv\u00f3 hacia un perfil con una base de recaudaci\u00f3n en el manejo de la venta de drogas en la zona cercana a la ruta 34. Tambi\u00e9n, como ocurre con otras organizaciones criminales, como Los Monos, es&nbsp;<strong>un clan familiar, liderado por Lichi,<\/strong>&nbsp;que est\u00e1 preso y fue condenado en octubre de 2018 a 20 a\u00f1os de prisi\u00f3n por una ristra de delitos violentos.<\/p>\n\n\n\n<p><strong>Hasta ahora, la \u00fanica relaci\u00f3n entre el crimen y los Romero es Ram\u00f3n Vallejos<\/strong>, que fue imputado y est\u00e1 detenido. Este hombre fue detenido con el Palio que se us\u00f3 en el asesinato. Seg\u00fan surge de las escuchas que figuran en la investigaci\u00f3n,&nbsp;<strong>le dieron el auto para quemarlo y, en vez de destruirlo, se lo qued\u00f3 unos d\u00edas<\/strong>. En ese lapso fue detenido con el coche.&nbsp;<strong>Los investigadores creen que esta banda fue la que aport\u00f3 al sicario, apodado Calamar.<\/strong><\/p>\n\n\n\n<p>El auto que se utiliz\u00f3 en el crimen fue robado en el partido de Esteban Echeverr\u00eda, en el conurbano bonaerense, el 30 de agosto del a\u00f1o pasado. Desde all\u00ed fue para Rosario, con una patente robada colocada en lugar de la original. Lo compr\u00f3 un ladr\u00f3n de autos, \u00c1ngel Ochoa, que est\u00e1 preso en el pabell\u00f3n N\u00ba20 de Pi\u00f1ero. Es un hombre que se dedica a ese rubro delictivo, conocido como el&nbsp;<strong>\u201cemponchado\u201d<\/strong>: robar y adulterar autos con documentaci\u00f3n ap\u00f3crifa que luego se venden.<\/p>\n\n\n\n<p>Tres d\u00edas antes del crimen, Ochoa recibi\u00f3 un mensaje al celular que ten\u00eda en la c\u00e1rcel. Era&nbsp;<strong>Fernando Burgos<\/strong>, un joven que buscaba un auto para cometer un delito. \u201cNecesito uno como los de Miami. Es para hacer un trabajo y descartarlo\u201d, le cont\u00f3 Burgos al recluso, especialista en robo de veh\u00edculos. Seg\u00fan los investigadores, la referencia a Miami tiene que ver con el juego GTA, que trata de ladrones de autos, y la sexta edici\u00f3n transcurre en esa ciudad.<\/p>\n\n\n\n<p>Ochoa, quien no ten\u00eda ni idea del GTA Miami, le contest\u00f3 que ten\u00eda un auto disponible, \u201cun Palio rojo\u201d. Estaba muy lejos de los Camaro que aparecen en el juego. Lo ten\u00edan \u201cguardado\u201d en un galp\u00f3n en M\u00e9xico y Nicaragua, en el barrio Empalme Graneros.<\/p>\n\n\n\n<p>Lo que a\u00fan es un misterio \u2013y no hay una hip\u00f3tesis clara\u2013 es qui\u00e9n o qui\u00e9nes ordenaron matar al exdiputado. En un principio asom\u00f3 como la principal sospecha en la fiscal\u00eda a cargo de Magdalena Brandt la posibilidad de que se tratara de una interna gremial de Uatre, gremio que estaba en plena ebullici\u00f3n en medio de la campa\u00f1a electoral y con denuncias cruzadas entre Ansaloni y el actual secretario general, Voytenco.<\/p>\n\n\n\n<p>Fuente: La Naci\u00f3n <\/p>\n\n\n\n<figure class=\"wp-block-image size-large\"><img decoding=\"async\" width=\"1024\" height=\"572\" data-attachment-id=\"115294\" data-permalink=\"https:\/\/eldiariodesanpedro.com.ar\/sitio\/detuvieron-al-supuesto-contratante-de-los-sicarios-que-mataron-a-mauricio-cordara\/img_20230224_114413\/\" data-orig-file=\"https:\/\/eldiariodesanpedro.com.ar\/sitio\/wp-content\/uploads\/2023\/02\/IMG_20230224_114413.jpg\" data-orig-size=\"1065,595\" data-comments-opened=\"0\" data-image-meta=\"{&quot;aperture&quot;:&quot;0&quot;,&quot;credit&quot;:&quot;&quot;,&quot;camera&quot;:&quot;&quot;,&quot;caption&quot;:&quot;&quot;,&quot;created_timestamp&quot;:&quot;0&quot;,&quot;copyright&quot;:&quot;&quot;,&quot;focal_length&quot;:&quot;0&quot;,&quot;iso&quot;:&quot;0&quot;,&quot;shutter_speed&quot;:&quot;0&quot;,&quot;title&quot;:&quot;&quot;,&quot;orientation&quot;:&quot;0&quot;}\" data-image-title=\"IMG_20230224_114413\" data-image-description=\"\" data-image-caption=\"\" data-large-file=\"https:\/\/eldiariodesanpedro.com.ar\/sitio\/wp-content\/uploads\/2023\/02\/IMG_20230224_114413-1024x572.jpg\" data-src=\"https:\/\/eldiariodesanpedro.com.ar\/sitio\/wp-content\/uploads\/2023\/02\/IMG_20230224_114413-1024x572.jpg\" alt=\"\" class=\"wp-image-115294 lazyload\" data-srcset=\"https:\/\/eldiariodesanpedro.com.ar\/sitio\/wp-content\/uploads\/2023\/02\/IMG_20230224_114413-1024x572.jpg 1024w, https:\/\/eldiariodesanpedro.com.ar\/sitio\/wp-content\/uploads\/2023\/02\/IMG_20230224_114413-300x168.jpg 300w, https:\/\/eldiariodesanpedro.com.ar\/sitio\/wp-content\/uploads\/2023\/02\/IMG_20230224_114413-768x429.jpg 768w, https:\/\/eldiariodesanpedro.com.ar\/sitio\/wp-content\/uploads\/2023\/02\/IMG_20230224_114413.jpg 1065w\" data-sizes=\"(max-width: 1024px) 100vw, 1024px\" src=\"data:image\/svg+xml;base64,PHN2ZyB3aWR0aD0iMSIgaGVpZ2h0PSIxIiB4bWxucz0iaHR0cDovL3d3dy53My5vcmcvMjAwMC9zdmciPjwvc3ZnPg==\" style=\"--smush-placeholder-width: 1024px; --smush-placeholder-aspect-ratio: 1024\/572;\" \/><\/figure>\n","protected":false},"excerpt":{"rendered":"<p>Juli\u00e1n G\u00f3mez fue aprehendido en Rosario, donde habr\u00eda contactado al asesinado a sueldo apodado Calamar para ejecutar al dirigente ruralista Mauricio Cordara, estrecho colaborador de Pablo Ansaloni, que era el verdadero blanco del ataque ocurrido en noviembre pasado en la ciudad bonaerense de Col\u00f3n. Un nuevo cap\u00edtulo de la saga en torno al crimen del [&hellip;]<\/p>\n","protected":false},"author":4,"featured_media":115293,"comment_status":"closed","ping_status":"closed","sticky":false,"template":"","format":"standard","meta":{"om_disable_all_campaigns":false,"_jetpack_memberships_contains_paid_content":false,"footnotes":""},"categories":[50,101,2],"tags":[197,696,33,19],"class_list":["post-115292","post","type-post","status-publish","format-standard","has-post-thumbnail","hentry","category-destacadas","category-interes-general-locales","category-locales","tag-buenos-aires","tag-interes-general","tag-locales","tag-san-pedro"],"aioseo_notices":[],"gutentor_comment":0,"jetpack_featured_media_url":"https:\/\/eldiariodesanpedro.com.ar\/sitio\/wp-content\/uploads\/2023\/02\/0000021645-resized-1920x1080-1.jpg","jetpack_shortlink":"https:\/\/wp.me\/p6RhLt-tZy","jetpack_sharing_enabled":true,"_links":{"self":[{"href":"https:\/\/eldiariodesanpedro.com.ar\/sitio\/wp-json\/wp\/v2\/posts\/115292","targetHints":{"allow":["GET"]}}],"collection":[{"href":"https:\/\/eldiariodesanpedro.com.ar\/sitio\/wp-json\/wp\/v2\/posts"}],"about":[{"href":"https:\/\/eldiariodesanpedro.com.ar\/sitio\/wp-json\/wp\/v2\/types\/post"}],"author":[{"embeddable":true,"href":"https:\/\/eldiariodesanpedro.com.ar\/sitio\/wp-json\/wp\/v2\/users\/4"}],"replies":[{"embeddable":true,"href":"https:\/\/eldiariodesanpedro.com.ar\/sitio\/wp-json\/wp\/v2\/comments?post=115292"}],"version-history":[{"count":1,"href":"https:\/\/eldiariodesanpedro.com.ar\/sitio\/wp-json\/wp\/v2\/posts\/115292\/revisions"}],"predecessor-version":[{"id":115295,"href":"https:\/\/eldiariodesanpedro.com.ar\/sitio\/wp-json\/wp\/v2\/posts\/115292\/revisions\/115295"}],"wp:featuredmedia":[{"embeddable":true,"href":"https:\/\/eldiariodesanpedro.com.ar\/sitio\/wp-json\/wp\/v2\/media\/115293"}],"wp:attachment":[{"href":"https:\/\/eldiariodesanpedro.com.ar\/sitio\/wp-json\/wp\/v2\/media?parent=115292"}],"wp:term":[{"taxonomy":"category","embeddable":true,"href":"https:\/\/eldiariodesanpedro.com.ar\/sitio\/wp-json\/wp\/v2\/categories?post=115292"},{"taxonomy":"post_tag","embeddable":true,"href":"https:\/\/eldiariodesanpedro.com.ar\/sitio\/wp-json\/wp\/v2\/tags?post=115292"}],"curies":[{"name":"wp","href":"https:\/\/api.w.org\/{rel}","templated":true}]}}