{"id":115290,"date":"2023-02-24T13:10:47","date_gmt":"2023-02-24T16:10:47","guid":{"rendered":"https:\/\/eldiariodesanpedro.com.ar\/sitio\/?p=115290"},"modified":"2023-02-24T13:10:49","modified_gmt":"2023-02-24T16:10:49","slug":"hoy-cierre-de-temporada-de-la-revista-del-siripo-entre-otras-actividades","status":"publish","type":"post","link":"https:\/\/eldiariodesanpedro.com.ar\/sitio\/hoy-cierre-de-temporada-de-la-revista-del-siripo-entre-otras-actividades\/","title":{"rendered":"Hoy cierre de temporada de la Revista del Siripo entre otras actividades"},"content":{"rendered":"<!-- VideographyWP Plugin Message: Automatic video embedding prevented by plugin options. -->\n\n<p>Consolidando la plaza teatral de San Pedro por tercer a\u00f1o consecutivo, se despiden los espect\u00e1culos de teatro que acompa\u00f1aron con gran \u00e9xito el transcurso de la temporada 2023 con las \u00faltimas funciones de La Revista est\u00e1 en el Siripo, Cosas que no se deben decir con Anita Mart\u00ednez y la final del show de Talentos en San Pedro que reparte un premio de 200 mil pesos para el ganador y se desarrollar\u00e1 en el paseo gastron\u00f3mico peatonal de Pellegrini y Las Heras con artistas invitados de renombre y los talentos que formaron parte de cada funci\u00f3n durante los meses de enero y febrero. Adem\u00e1s, el parador de la playa de Vuelta de Obligado y el Patio Gastron\u00f3mico del Pasaje Agenor Almada que ofrecen una amplia propuesta gastron\u00f3mica y espect\u00e1culos en vivo.<\/p>\n\n\n\n<p><strong>La Revista est\u00e1 en el Siripo: <\/strong>Se despide con la \u00faltima funci\u00f3n de la temporada este espect\u00e1culo de revista con elenco integrado en su totalidad por artistas de nuestra ciudad, cerrando una temporada inolvidable en la que se sum\u00f3 una propuesta m\u00e1s a la plaza teatral que ofrece San Pedro, dando vida a una hist\u00f3rica sala de teatro como la del Siripo con m\u00e1s de trece funciones a sala completa. La funci\u00f3n, con localidades agotadas, comienza el viernes a las 21.30 hs. en el teatro ubicado en Salta y Oliveira Cezar.<\/p>\n\n\n\n<p><strong>245\u00b0 Aniversario del Natalicio de Don Jos\u00e9 de San Mart\u00edn:<\/strong> El s\u00e1bado desde las 10 hs. en Plaza Constituci\u00f3n se desarrollar\u00e1 el acto protocolar en conmemoraci\u00f3n del 245\u00b0 aniversario del natalicio del Libertador de la Patria, Don Jos\u00e9 de San Mart\u00edn.<\/p>\n\n\n\n<p><strong>Cosas que no se deben decir:<\/strong> En el Centro Cultural Abelardo Castillo llega la \u00faltima funci\u00f3n del unipersonal protagonizado por la actriz y comediante Anita Mart\u00ednez, quien ofreci\u00f3 durante los meses de enero y febrero un espect\u00e1culo en el que muestra las cuestiones humanas con algunos recursos teatrales como es el de los t\u00edteres para adultos, pero tambi\u00e9n los mon\u00f3logos. La funci\u00f3n comienza el s\u00e1bado a las 21.00 hs. y las entradas se pueden adquirir en la boleter\u00eda del Centro Cultural.<\/p>\n\n\n\n<p><strong>Talentos en San Pedro:<\/strong> En la peatonal del paseo gastron\u00f3mico que se estableci\u00f3 en Pellegrini y Las Heras, llega la etapa final del espect\u00e1culo que impulsa los talentos de nuestra ciudad. Con la conducci\u00f3n de Rodrigo Lussich, la participaci\u00f3n del periodista y conductor de radio y televisi\u00f3n, Mario Massaccesi y los talentos que formaron parte de cada funci\u00f3n durante los meses de enero y febrero, quienes ofrecieron grandes propuestas art\u00edsticas y competir\u00e1n por un premio de 200 mil pesos. La funci\u00f3n comienza el s\u00e1bado a las 22.30 hs. y ser\u00e1 con entrada libre y gratuita en el paseo gastron\u00f3mico de la peatonal de calle Pellegrini, entre Las Heras y San Mart\u00edn.<\/p>\n\n\n\n<p><strong>Patio Gastron\u00f3mico del Pasaje Agenor Almada:<\/strong> Con una amplia propuesta gastron\u00f3mica y espect\u00e1culos en vivo se puede visitar de viernes a domingo desde las 20 hs.<\/p>\n\n\n\n<p><strong>Peatonal de verano: <\/strong>Tanto el paseo gastron\u00f3mico de calle Pellegrini, entre Las Heras y San Mart\u00edn, como el dispuesto en calle Oliveira Cezar, entre Salta y Pellegrini, cuentan con una amplia propuesta gastron\u00f3mica y espect\u00e1culos en vivo. Se pueden visitar de viernes a domingo desde las 20. Hs.<\/p>\n\n\n\n<p><strong>Parador de verano en Vuelta de Obligado:<\/strong> Con una amplia propuesta gastron\u00f3mica y espect\u00e1culos en vivo en el parador frente a la playa de Vuelta de Obligado, se puede visitar el s\u00e1bado desde las 21 hs.<\/p>\n\n\n\n<p><strong>Feria de verano: <\/strong>En plaza Belgrano se puede visitar desde las 19 hs. la feria que cuenta con puestos de artesanos, shows de circo a la gorra y espect\u00e1culos musicales.<\/p>\n","protected":false},"excerpt":{"rendered":"<p>Consolidando la plaza teatral de San Pedro por tercer a\u00f1o consecutivo, se despiden los espect\u00e1culos de teatro que acompa\u00f1aron con gran \u00e9xito el transcurso de la temporada 2023 con las \u00faltimas funciones de La Revista est\u00e1 en el Siripo, Cosas que no se deben decir con Anita Mart\u00ednez y la final del show de Talentos [&hellip;]<\/p>\n","protected":false},"author":4,"featured_media":113850,"comment_status":"closed","ping_status":"closed","sticky":false,"template":"","format":"standard","meta":{"om_disable_all_campaigns":false,"_jetpack_memberships_contains_paid_content":false,"footnotes":""},"categories":[50,101,2],"tags":[197,696,33,19],"class_list":["post-115290","post","type-post","status-publish","format-standard","has-post-thumbnail","hentry","category-destacadas","category-interes-general-locales","category-locales","tag-buenos-aires","tag-interes-general","tag-locales","tag-san-pedro"],"aioseo_notices":[],"gutentor_comment":0,"jetpack_featured_media_url":"https:\/\/eldiariodesanpedro.com.ar\/sitio\/wp-content\/uploads\/2023\/01\/WhatsApp-Image-2023-01-07-at-15.02.40.jpeg","jetpack_shortlink":"https:\/\/wp.me\/p6RhLt-tZw","jetpack_sharing_enabled":true,"_links":{"self":[{"href":"https:\/\/eldiariodesanpedro.com.ar\/sitio\/wp-json\/wp\/v2\/posts\/115290","targetHints":{"allow":["GET"]}}],"collection":[{"href":"https:\/\/eldiariodesanpedro.com.ar\/sitio\/wp-json\/wp\/v2\/posts"}],"about":[{"href":"https:\/\/eldiariodesanpedro.com.ar\/sitio\/wp-json\/wp\/v2\/types\/post"}],"author":[{"embeddable":true,"href":"https:\/\/eldiariodesanpedro.com.ar\/sitio\/wp-json\/wp\/v2\/users\/4"}],"replies":[{"embeddable":true,"href":"https:\/\/eldiariodesanpedro.com.ar\/sitio\/wp-json\/wp\/v2\/comments?post=115290"}],"version-history":[{"count":1,"href":"https:\/\/eldiariodesanpedro.com.ar\/sitio\/wp-json\/wp\/v2\/posts\/115290\/revisions"}],"predecessor-version":[{"id":115291,"href":"https:\/\/eldiariodesanpedro.com.ar\/sitio\/wp-json\/wp\/v2\/posts\/115290\/revisions\/115291"}],"wp:featuredmedia":[{"embeddable":true,"href":"https:\/\/eldiariodesanpedro.com.ar\/sitio\/wp-json\/wp\/v2\/media\/113850"}],"wp:attachment":[{"href":"https:\/\/eldiariodesanpedro.com.ar\/sitio\/wp-json\/wp\/v2\/media?parent=115290"}],"wp:term":[{"taxonomy":"category","embeddable":true,"href":"https:\/\/eldiariodesanpedro.com.ar\/sitio\/wp-json\/wp\/v2\/categories?post=115290"},{"taxonomy":"post_tag","embeddable":true,"href":"https:\/\/eldiariodesanpedro.com.ar\/sitio\/wp-json\/wp\/v2\/tags?post=115290"}],"curies":[{"name":"wp","href":"https:\/\/api.w.org\/{rel}","templated":true}]}}