{"id":115286,"date":"2023-02-24T12:49:45","date_gmt":"2023-02-24T15:49:45","guid":{"rendered":"https:\/\/eldiariodesanpedro.com.ar\/sitio\/?p=115286"},"modified":"2023-02-24T12:49:47","modified_gmt":"2023-02-24T15:49:47","slug":"hoy-es-el-sorteo-del-plan-de-viviendas-de-villa-depietri-y-aqui-esta-el-listado-de-las-familias-participantes","status":"publish","type":"post","link":"https:\/\/eldiariodesanpedro.com.ar\/sitio\/hoy-es-el-sorteo-del-plan-de-viviendas-de-villa-depietri-y-aqui-esta-el-listado-de-las-familias-participantes\/","title":{"rendered":"Hoy es el sorteo del Plan de Viviendas de Villa Depietri y aqu\u00ed esta el listado de las familias participantes"},"content":{"rendered":"<!-- VideographyWP Plugin Message: Automatic video embedding prevented by plugin options. -->\n\n<p>El mismo tendr\u00e1 lugar el viernes 24 de febrero a las 18 hs. en el Estadio Municipal, ser\u00e1 validado por escribano\/a p\u00fablico\/a y transmitido simult\u00e1neamente en pantalla gigante para que todos los asistentes puedan visualizar al detalle todo su desarrollo. Adem\u00e1s, se transmitir\u00e1 por el canal de youtube (<a href=\"https:\/\/youtube.com\/@municipalidaddesanpedro-bu1594\">https:\/\/youtube.com\/@municipalidaddesanpedro-bu1594<\/a>) y la fanpage de Facebook de la Municipalidad (<a href=\"https:\/\/www.facebook.com\/sanpedrobuenosaires\">https:\/\/www.facebook.com\/sanpedrobuenosaires<\/a>) y se invita a todos los medios que deseen compartirlo a que lo hagan.<\/p>\n\n\n\n<p>Luego de la apertura formal del acto se sortear\u00e1n en primera instancia las 8 viviendas destinadas a familias que requieran unidades especialmente adaptadas y luego las 76 viviendas regulares. Para ambos casos est\u00e1 previsto el sorteo de adjudicatarios suplentes, para ser convocados en las situaciones en las que quienes sean sorteados en primera instancia no cumplan los requisitos completos.<\/p>\n\n\n\n<p>Para las viviendas adaptadas el decreto incluye 221 inscriptos. Se sortear\u00e1n 8 beneficiarios titulares y 2 suplentes.<\/p>\n\n\n\n<p>Para las viviendas regulares el decreto incluye 660 inscriptos. Se sortear\u00e1n 76 beneficiarios titulares y 12 suplentes.<\/p>\n\n\n\n<p>En la medida que vaya transcurriendo el sorteo, los representantes de cada familia que se encuentren presentes podr\u00e1n consultar los pasos a seguir en un espacio en el que los recibir\u00e1 personal de las secretar\u00edas involucradas.<\/p>\n\n\n\n<p>Haber sido sorteado, no garantiza el acceso a la vivienda. Para formalizar la adjudicaci\u00f3n se realizar\u00e1 una revisi\u00f3n de la informaci\u00f3n presentada para verificar que se cumplan todos los requisitos del programa.<\/p>\n\n\n\n<p>En fecha a confirmar y luego de cumplido el proceso de certificaci\u00f3n de los adjudicatarios de la totalidad de las viviendas se realizar\u00e1 una reuni\u00f3n especial convocada oportunamente a trav\u00e9s del gobierno municipal.<\/p>\n\n\n\n<p>Decreto y listado: <\/p>\n\n\n<a href=\"https:\/\/eldiariodesanpedro.com.ar\/sitio\/wp-content\/uploads\/2023\/02\/2023-0293.pdf\" class=\"pdfemb-viewer\" style=\"\" data-width=\"max\" data-height=\"max\" data-toolbar=\"bottom\" data-toolbar-fixed=\"off\">2023-0293<\/a>\n<p class=\"wp-block-pdfemb-pdf-embedder-viewer\"><\/p>\n","protected":false},"excerpt":{"rendered":"<p>El mismo tendr\u00e1 lugar el viernes 24 de febrero a las 18 hs. en el Estadio Municipal, ser\u00e1 validado por escribano\/a p\u00fablico\/a y transmitido simult\u00e1neamente en pantalla gigante para que todos los asistentes puedan visualizar al detalle todo su desarrollo. Adem\u00e1s, se transmitir\u00e1 por el canal de youtube (https:\/\/youtube.com\/@municipalidaddesanpedro-bu1594) y la fanpage de Facebook de [&hellip;]<\/p>\n","protected":false},"author":4,"featured_media":115288,"comment_status":"closed","ping_status":"closed","sticky":false,"template":"","format":"standard","meta":{"om_disable_all_campaigns":false,"_jetpack_memberships_contains_paid_content":false,"footnotes":""},"categories":[50,101,2],"tags":[197,696,33,19],"class_list":["post-115286","post","type-post","status-publish","format-standard","has-post-thumbnail","hentry","category-destacadas","category-interes-general-locales","category-locales","tag-buenos-aires","tag-interes-general","tag-locales","tag-san-pedro"],"aioseo_notices":[],"gutentor_comment":0,"jetpack_featured_media_url":"https:\/\/eldiariodesanpedro.com.ar\/sitio\/wp-content\/uploads\/2023\/02\/84-viviendas.jpg","jetpack_shortlink":"https:\/\/wp.me\/p6RhLt-tZs","jetpack_sharing_enabled":true,"_links":{"self":[{"href":"https:\/\/eldiariodesanpedro.com.ar\/sitio\/wp-json\/wp\/v2\/posts\/115286","targetHints":{"allow":["GET"]}}],"collection":[{"href":"https:\/\/eldiariodesanpedro.com.ar\/sitio\/wp-json\/wp\/v2\/posts"}],"about":[{"href":"https:\/\/eldiariodesanpedro.com.ar\/sitio\/wp-json\/wp\/v2\/types\/post"}],"author":[{"embeddable":true,"href":"https:\/\/eldiariodesanpedro.com.ar\/sitio\/wp-json\/wp\/v2\/users\/4"}],"replies":[{"embeddable":true,"href":"https:\/\/eldiariodesanpedro.com.ar\/sitio\/wp-json\/wp\/v2\/comments?post=115286"}],"version-history":[{"count":1,"href":"https:\/\/eldiariodesanpedro.com.ar\/sitio\/wp-json\/wp\/v2\/posts\/115286\/revisions"}],"predecessor-version":[{"id":115289,"href":"https:\/\/eldiariodesanpedro.com.ar\/sitio\/wp-json\/wp\/v2\/posts\/115286\/revisions\/115289"}],"wp:featuredmedia":[{"embeddable":true,"href":"https:\/\/eldiariodesanpedro.com.ar\/sitio\/wp-json\/wp\/v2\/media\/115288"}],"wp:attachment":[{"href":"https:\/\/eldiariodesanpedro.com.ar\/sitio\/wp-json\/wp\/v2\/media?parent=115286"}],"wp:term":[{"taxonomy":"category","embeddable":true,"href":"https:\/\/eldiariodesanpedro.com.ar\/sitio\/wp-json\/wp\/v2\/categories?post=115286"},{"taxonomy":"post_tag","embeddable":true,"href":"https:\/\/eldiariodesanpedro.com.ar\/sitio\/wp-json\/wp\/v2\/tags?post=115286"}],"curies":[{"name":"wp","href":"https:\/\/api.w.org\/{rel}","templated":true}]}}