{"id":115284,"date":"2023-02-24T12:34:14","date_gmt":"2023-02-24T15:34:14","guid":{"rendered":"https:\/\/eldiariodesanpedro.com.ar\/sitio\/?p=115284"},"modified":"2023-02-24T12:34:17","modified_gmt":"2023-02-24T15:34:17","slug":"aumentos-para-jubilados-docentes-y-jubilados-docentes-universitarios","status":"publish","type":"post","link":"https:\/\/eldiariodesanpedro.com.ar\/sitio\/aumentos-para-jubilados-docentes-y-jubilados-docentes-universitarios\/","title":{"rendered":"Aumentos para jubilados docentes y jubilados docentes universitarios"},"content":{"rendered":"<!-- VideographyWP Plugin Message: Automatic video embedding prevented by plugin options. -->\n\n<p>El primer aumento de 2023 para los&nbsp;<strong>jubilados docentes<\/strong>&nbsp;ser\u00e1 del 18,69 por ciento, se aplicar\u00e1 en el mes de marzo y beneficiar\u00e1 a m\u00e1s de 160 mil personas. El pr\u00f3ximo ser\u00e1 en junio.<\/p>\n\n\n\n<p>En tanto, el primer incremento para&nbsp;<strong>jubilados docentes universitarios<\/strong>&nbsp;ser\u00e1 del 21,57 por ciento para el pr\u00f3ximo mes y beneficiar\u00e1 a m\u00e1s de 9 mil personas.<\/p>\n\n\n\n<p>Por decisi\u00f3n del Gobierno nacional, a fines de 2022 se trimestraliz\u00f3 la movilidad del R\u00e9gimen Especial para Docentes (Resoluci\u00f3n 1567\/2022) y del R\u00e9gimen Previsional Especial para el Personal Docente de las Universidades P\u00fablicas Nacionales (Resoluci\u00f3n 1566\/2022). A partir de esta movilidad, tendr\u00e1n cuatro aumentos por a\u00f1o.<\/p>\n","protected":false},"excerpt":{"rendered":"<p>El primer aumento de 2023 para los&nbsp;jubilados docentes&nbsp;ser\u00e1 del 18,69 por ciento, se aplicar\u00e1 en el mes de marzo y beneficiar\u00e1 a m\u00e1s de 160 mil personas. El pr\u00f3ximo ser\u00e1 en junio. En tanto, el primer incremento para&nbsp;jubilados docentes universitarios&nbsp;ser\u00e1 del 21,57 por ciento para el pr\u00f3ximo mes y beneficiar\u00e1 a m\u00e1s de 9 mil [&hellip;]<\/p>\n","protected":false},"author":4,"featured_media":3600,"comment_status":"closed","ping_status":"closed","sticky":false,"template":"","format":"standard","meta":{"om_disable_all_campaigns":false,"_jetpack_memberships_contains_paid_content":false,"footnotes":""},"categories":[101,2],"tags":[197,696,33,19],"class_list":["post-115284","post","type-post","status-publish","format-standard","has-post-thumbnail","hentry","category-interes-general-locales","category-locales","tag-buenos-aires","tag-interes-general","tag-locales","tag-san-pedro"],"aioseo_notices":[],"gutentor_comment":0,"jetpack_featured_media_url":"https:\/\/eldiariodesanpedro.com.ar\/sitio\/wp-content\/uploads\/2016\/04\/jubilados.jpg","jetpack_shortlink":"https:\/\/wp.me\/p6RhLt-tZq","jetpack_sharing_enabled":true,"_links":{"self":[{"href":"https:\/\/eldiariodesanpedro.com.ar\/sitio\/wp-json\/wp\/v2\/posts\/115284","targetHints":{"allow":["GET"]}}],"collection":[{"href":"https:\/\/eldiariodesanpedro.com.ar\/sitio\/wp-json\/wp\/v2\/posts"}],"about":[{"href":"https:\/\/eldiariodesanpedro.com.ar\/sitio\/wp-json\/wp\/v2\/types\/post"}],"author":[{"embeddable":true,"href":"https:\/\/eldiariodesanpedro.com.ar\/sitio\/wp-json\/wp\/v2\/users\/4"}],"replies":[{"embeddable":true,"href":"https:\/\/eldiariodesanpedro.com.ar\/sitio\/wp-json\/wp\/v2\/comments?post=115284"}],"version-history":[{"count":1,"href":"https:\/\/eldiariodesanpedro.com.ar\/sitio\/wp-json\/wp\/v2\/posts\/115284\/revisions"}],"predecessor-version":[{"id":115285,"href":"https:\/\/eldiariodesanpedro.com.ar\/sitio\/wp-json\/wp\/v2\/posts\/115284\/revisions\/115285"}],"wp:featuredmedia":[{"embeddable":true,"href":"https:\/\/eldiariodesanpedro.com.ar\/sitio\/wp-json\/wp\/v2\/media\/3600"}],"wp:attachment":[{"href":"https:\/\/eldiariodesanpedro.com.ar\/sitio\/wp-json\/wp\/v2\/media?parent=115284"}],"wp:term":[{"taxonomy":"category","embeddable":true,"href":"https:\/\/eldiariodesanpedro.com.ar\/sitio\/wp-json\/wp\/v2\/categories?post=115284"},{"taxonomy":"post_tag","embeddable":true,"href":"https:\/\/eldiariodesanpedro.com.ar\/sitio\/wp-json\/wp\/v2\/tags?post=115284"}],"curies":[{"name":"wp","href":"https:\/\/api.w.org\/{rel}","templated":true}]}}