{"id":115042,"date":"2023-02-14T18:50:27","date_gmt":"2023-02-14T21:50:27","guid":{"rendered":"https:\/\/eldiariodesanpedro.com.ar\/sitio\/?p=115042"},"modified":"2023-02-14T18:50:28","modified_gmt":"2023-02-14T21:50:28","slug":"edicto-de-prescripcion-adquisitiva-larga-de-paris-maria-teresa-c-esteve-guillermo-enzo","status":"publish","type":"post","link":"https:\/\/eldiariodesanpedro.com.ar\/sitio\/edicto-de-prescripcion-adquisitiva-larga-de-paris-maria-teresa-c-esteve-guillermo-enzo\/","title":{"rendered":"Edicto de Prescripci\u00f3n Adquisitiva Larga de Paris Maria Teresa C\/ Esteve Guillermo Enzo"},"content":{"rendered":"<!-- VideographyWP Plugin Message: Automatic video embedding prevented by plugin options. -->\n\n<p>El Dr. JOSE IGNACIO MACCHIA, Juez de Paz Letrado de San Pedro, en autos \u201c<strong>PARIS MARIA TERESA C\/ ESTEVE GUILLERMO ENZO S\/ PRESCRIPCION ADQUISITIVA LARGA\u201d<\/strong> (Expte. N\u00ba SUM-86-22), que tramita por ante el Juzgado de Paz Letrado de San Pedro, sito en la calle Manuel Belgrano n\u00ba 1405, Secretar\u00eda Unica a cargo del Dr. Facundo Vell\u00f3n, cita a don <strong>GUILLERMO ENZO ESTEVE, <\/strong>DNIn\u00ba 4.681.747 y\/o sus herederos y\/o quienes se consideren con derechos al inmueble que se intenta prescribir sito en la calle Honorio Pueyrred\u00f3n 1135 de San Pedro, cuyos datos, seg\u00fan plano n\u00ba 99-13-2022, son: <strong>NOMENCLATURA CATASTRAL:<\/strong> Circ-I, Secc-J, Manz-122c, Quinta-122, Parc-2a (de origen parcela 2), <strong>PARTIDA INMOBILIARIA<\/strong>: 099-19197, <strong>DOMINIO<\/strong>: Folio n\u00ba 178 del a\u00f1o 1968 del Registro del Ptdo. de San Pedro, para que dentro del plazo de diez (10) d\u00edas comparezcan a estos autos a estar a derecho, bajo apercibimiento de que si no lo hicieren, se nombrar\u00e1 Defensor Oficial para que los represente (arts. 681 y 682 CPCC).- SAN PEDRO, 03 de FEBRERO de 2023\u201d.-<\/p>\n\n\n\n<p>FACUNDO VELL\u00d3N<br>ABOGADO SECRETARIO<\/p>\n\n\n\n<p>(Publicaci\u00f3n V\u00e1lida por los d\u00edas 14 y 15 de febrero de 2023)<br><a href=\"https:\/\/notificaciones.scba.gov.ar\/verificarnotificacion.aspx?codNotif=q67qd1\">https:\/\/notificaciones.scba.gov.ar\/verificarnotificacion.aspx?codNotif=q67qd1<\/a>&nbsp;<\/p>\n","protected":false},"excerpt":{"rendered":"<p>El Dr. JOSE IGNACIO MACCHIA, Juez de Paz Letrado de San Pedro, en autos \u201cPARIS MARIA TERESA C\/ ESTEVE GUILLERMO ENZO S\/ PRESCRIPCION ADQUISITIVA LARGA\u201d (Expte. N\u00ba SUM-86-22), que tramita por ante el Juzgado de Paz Letrado de San Pedro, sito en la calle Manuel Belgrano n\u00ba 1405, Secretar\u00eda Unica a cargo del Dr. Facundo [&hellip;]<\/p>\n","protected":false},"author":4,"featured_media":102746,"comment_status":"closed","ping_status":"closed","sticky":false,"template":"","format":"standard","meta":{"om_disable_all_campaigns":false,"_jetpack_memberships_contains_paid_content":false,"footnotes":""},"categories":[676,1124],"tags":[197,1121,3370,1355,19],"class_list":["post-115042","post","type-post","status-publish","format-standard","has-post-thumbnail","hentry","category-edictos","category-edictos-especiales","tag-buenos-aires","tag-edicto","tag-edicto-de-prescripcion-adquisitiva-larga-de-paris-maria-teresa-c-esteve-guillermo-enzo","tag-judiciales","tag-san-pedro"],"aioseo_notices":[],"gutentor_comment":0,"jetpack_featured_media_url":"https:\/\/eldiariodesanpedro.com.ar\/sitio\/wp-content\/uploads\/2022\/01\/EDICTO.jpg","jetpack_shortlink":"https:\/\/wp.me\/p6RhLt-tVw","jetpack_sharing_enabled":true,"_links":{"self":[{"href":"https:\/\/eldiariodesanpedro.com.ar\/sitio\/wp-json\/wp\/v2\/posts\/115042","targetHints":{"allow":["GET"]}}],"collection":[{"href":"https:\/\/eldiariodesanpedro.com.ar\/sitio\/wp-json\/wp\/v2\/posts"}],"about":[{"href":"https:\/\/eldiariodesanpedro.com.ar\/sitio\/wp-json\/wp\/v2\/types\/post"}],"author":[{"embeddable":true,"href":"https:\/\/eldiariodesanpedro.com.ar\/sitio\/wp-json\/wp\/v2\/users\/4"}],"replies":[{"embeddable":true,"href":"https:\/\/eldiariodesanpedro.com.ar\/sitio\/wp-json\/wp\/v2\/comments?post=115042"}],"version-history":[{"count":1,"href":"https:\/\/eldiariodesanpedro.com.ar\/sitio\/wp-json\/wp\/v2\/posts\/115042\/revisions"}],"predecessor-version":[{"id":115043,"href":"https:\/\/eldiariodesanpedro.com.ar\/sitio\/wp-json\/wp\/v2\/posts\/115042\/revisions\/115043"}],"wp:featuredmedia":[{"embeddable":true,"href":"https:\/\/eldiariodesanpedro.com.ar\/sitio\/wp-json\/wp\/v2\/media\/102746"}],"wp:attachment":[{"href":"https:\/\/eldiariodesanpedro.com.ar\/sitio\/wp-json\/wp\/v2\/media?parent=115042"}],"wp:term":[{"taxonomy":"category","embeddable":true,"href":"https:\/\/eldiariodesanpedro.com.ar\/sitio\/wp-json\/wp\/v2\/categories?post=115042"},{"taxonomy":"post_tag","embeddable":true,"href":"https:\/\/eldiariodesanpedro.com.ar\/sitio\/wp-json\/wp\/v2\/tags?post=115042"}],"curies":[{"name":"wp","href":"https:\/\/api.w.org\/{rel}","templated":true}]}}