{"id":115012,"date":"2023-02-14T13:46:57","date_gmt":"2023-02-14T16:46:57","guid":{"rendered":"https:\/\/eldiariodesanpedro.com.ar\/sitio\/?p=115012"},"modified":"2023-02-14T13:46:58","modified_gmt":"2023-02-14T16:46:58","slug":"baradero-rock-2023-grillas-por-dia-y-nuevas-incorporaciones-al-line-up","status":"publish","type":"post","link":"https:\/\/eldiariodesanpedro.com.ar\/sitio\/baradero-rock-2023-grillas-por-dia-y-nuevas-incorporaciones-al-line-up\/","title":{"rendered":"Baradero Rock 2023: Grillas por d\u00eda y nuevas incorporaciones al line-up"},"content":{"rendered":"<!-- VideographyWP Plugin Message: Automatic video embedding prevented by plugin options. -->\n\n<p>El pr\u00f3ximo viernes 7 y s\u00e1bado 8 de abril, m\u00e1s de cuarenta artistas de distintos estilos, recorridos y generaciones musicalizar\u00e1n dos extensas jornadas de Rock en Baradero, donde confluir\u00e1n p\u00fablicos de todas las edades. Ahora, tras el anuncio de los talentos que participar\u00e1n del festival, se devela la gran inc\u00f3gnita para quienes quieran sacar sus entradas individuales: \u00bfQui\u00e9nes tocar\u00e1n cada d\u00eda?<\/p>\n\n\n\n<p>Adem\u00e1s, Rock en Baradero sorprende con varias nuevas incorporaciones en su programaci\u00f3n. Entre las nacionales, se encuentran la cantautora de pop-rock Vale Acevedo; la cantante,<br>compositora y guitarrista Manu Mart\u00ednez; y la banda de rock Terapia, conocida como \u201cLa T\u201d. Adem\u00e1s se sumar\u00e1 al evento una voz internacional, que llegar\u00e1 al anfiteatro municipal de Baradero directo desde Espa\u00f1a: el rapero mallorqu\u00edn Dollar Selmouni.<\/p>\n\n\n\n<p>El line-up de Rock en Baradero gener\u00f3 grandes expectativas y revuelo entre los amantes de la m\u00fasica nacional. La presencia de Rata Blanca, la coincidencia sobre un mismo escenario de No Te Va Gustar y La Vela Puerca, y la mixtura entre voces consagradas y emergentes en una misma secuencia espacio-temporal hacen de la octava edici\u00f3n del festival una cita imperdible.<\/p>\n\n\n\n<p>La aceptaci\u00f3n de su propuesta art\u00edstica por parte del p\u00fablico fue tan grande que se tradujo en un alto porcentaje de abonos vendidos en tiempo r\u00e9cord, alta demanda de hoteler\u00eda en la ciudad y cientos de grupos familiares y de amigos planeando un fin de semana largo de Pascuas inolvidable a orillas del R\u00edo Baradero.<\/p>\n\n\n\n<p>Grilla final del Viernes 7 de Abril<br>No Te Va Gustar &#8211; El Kuelgue &#8211; \u00c9l Mat\u00f3 a un Polic\u00eda Motorizado &#8211; Conociendo Rusia &#8211; Kapanga &#8211; Coti &#8211; El Plan de la Mariposa &#8211; Muerdo &#8211; Emmanuel Horvilleur &#8211; Aye Lobato &#8211; Mar\u00eda Codino &#8211; M\u00eda Zeta &#8211; La Valenti &#8211; Cruzando el Charco &#8211; Los Tabaleros &#8211; Eve Calletti &#8211; BB Asul &#8211; La Chancha Muda &#8211; Divina Argentina &#8211; Ojos &#8211; Vale Acevedo &#8211; Simp\u00e1tico Cabr\u00f3n &#8211; Dollar Selmouni<\/p>\n\n\n\n<p>Grilla final del S\u00e1bado 8 de Abril<br>Rata Blanca &#8211; La Vela Puerca &#8211; Catupecu Machu &#8211; Las Pelotas &#8211; Juanse &#8211; Eruca Sativa &#8211; Nonpalidece &#8211; Terapia &#8211; An Espil &#8211; Estelares &#8211; Uma &#8211; Cielo Razzo &#8211; J\u00f3venes Pordioseros &#8211; Coverheads &#8211; Carmen S\u00e1nchez Viamonte &#8211; Paula Trama &#8211; Cata Raybaud &#8211; Pier &#8211; Antonia Navarro &#8211; Delirio &#8211; Mono Loco &#8211; Manu Mart\u00ednez<br><\/p>\n","protected":false},"excerpt":{"rendered":"<p>El pr\u00f3ximo viernes 7 y s\u00e1bado 8 de abril, m\u00e1s de cuarenta artistas de distintos estilos, recorridos y generaciones musicalizar\u00e1n dos extensas jornadas de Rock en Baradero, donde confluir\u00e1n p\u00fablicos de todas las edades. Ahora, tras el anuncio de los talentos que participar\u00e1n del festival, se devela la gran inc\u00f3gnita para quienes quieran sacar sus [&hellip;]<\/p>\n","protected":false},"author":4,"featured_media":115013,"comment_status":"closed","ping_status":"closed","sticky":false,"template":"","format":"standard","meta":{"om_disable_all_campaigns":false,"_jetpack_memberships_contains_paid_content":false,"footnotes":""},"categories":[50,101,2],"tags":[197,696,33,19],"class_list":["post-115012","post","type-post","status-publish","format-standard","has-post-thumbnail","hentry","category-destacadas","category-interes-general-locales","category-locales","tag-buenos-aires","tag-interes-general","tag-locales","tag-san-pedro"],"aioseo_notices":[],"gutentor_comment":0,"jetpack_featured_media_url":"https:\/\/eldiariodesanpedro.com.ar\/sitio\/wp-content\/uploads\/2023\/02\/GM_07914.jpg","jetpack_shortlink":"https:\/\/wp.me\/p6RhLt-tV2","jetpack_sharing_enabled":true,"_links":{"self":[{"href":"https:\/\/eldiariodesanpedro.com.ar\/sitio\/wp-json\/wp\/v2\/posts\/115012","targetHints":{"allow":["GET"]}}],"collection":[{"href":"https:\/\/eldiariodesanpedro.com.ar\/sitio\/wp-json\/wp\/v2\/posts"}],"about":[{"href":"https:\/\/eldiariodesanpedro.com.ar\/sitio\/wp-json\/wp\/v2\/types\/post"}],"author":[{"embeddable":true,"href":"https:\/\/eldiariodesanpedro.com.ar\/sitio\/wp-json\/wp\/v2\/users\/4"}],"replies":[{"embeddable":true,"href":"https:\/\/eldiariodesanpedro.com.ar\/sitio\/wp-json\/wp\/v2\/comments?post=115012"}],"version-history":[{"count":1,"href":"https:\/\/eldiariodesanpedro.com.ar\/sitio\/wp-json\/wp\/v2\/posts\/115012\/revisions"}],"predecessor-version":[{"id":115014,"href":"https:\/\/eldiariodesanpedro.com.ar\/sitio\/wp-json\/wp\/v2\/posts\/115012\/revisions\/115014"}],"wp:featuredmedia":[{"embeddable":true,"href":"https:\/\/eldiariodesanpedro.com.ar\/sitio\/wp-json\/wp\/v2\/media\/115013"}],"wp:attachment":[{"href":"https:\/\/eldiariodesanpedro.com.ar\/sitio\/wp-json\/wp\/v2\/media?parent=115012"}],"wp:term":[{"taxonomy":"category","embeddable":true,"href":"https:\/\/eldiariodesanpedro.com.ar\/sitio\/wp-json\/wp\/v2\/categories?post=115012"},{"taxonomy":"post_tag","embeddable":true,"href":"https:\/\/eldiariodesanpedro.com.ar\/sitio\/wp-json\/wp\/v2\/tags?post=115012"}],"curies":[{"name":"wp","href":"https:\/\/api.w.org\/{rel}","templated":true}]}}