{"id":115009,"date":"2023-02-14T13:33:42","date_gmt":"2023-02-14T16:33:42","guid":{"rendered":"https:\/\/eldiariodesanpedro.com.ar\/sitio\/?p=115009"},"modified":"2023-02-14T13:33:43","modified_gmt":"2023-02-14T16:33:43","slug":"la-konga-disfruto-de-san-pedro-antes-de-su-presentacion-en-baradero","status":"publish","type":"post","link":"https:\/\/eldiariodesanpedro.com.ar\/sitio\/la-konga-disfruto-de-san-pedro-antes-de-su-presentacion-en-baradero\/","title":{"rendered":"La Konga disfrut\u00f3 de San Pedro antes de su presentaci\u00f3n en Baradero"},"content":{"rendered":"<!-- VideographyWP Plugin Message: Automatic video embedding prevented by plugin options. -->\n\n<p>Los integrantes del grupo cordob\u00e9s estuvieron en nuestra ciudad antes de trasladarse a la vecina localidad para presentarse en el festival popular.<\/p>\n\n\n\n<p>No es la primera vez que pasan por San Pedro y seguramente no ser\u00e1 la \u00faltima. El grupo cuartetero La Konga volvi\u00f3 a la ciudad pero no para actuar sino para hacer la previa de su actuaci\u00f3n en el festival de m\u00fasica popular de Baradero.<\/p>\n\n\n\n<p>Los integrantes del grupo cordob\u00e9s se hospedaron en el pintoresco Resort &amp; Marinas del Howard Johnson y adem\u00e1s de aprovechar las comodidades que el complejo propone algunos de sus integrantes eligieron hacer otro tipo de actividades.<\/p>\n\n\n\n<p>As\u00ed fue el caso de Pablo Tamagnini, uno de los l\u00edderes de la banda, quien disfrut\u00f3 de un partido de padel en Marote Padel junto al manager y otros integrantes del equipo. El ex Operaci\u00f3n Triunfo salud\u00f3 y se fotografi\u00f3 con todo el que se le acerc\u00f3 y no falt\u00f3 la oportunidad de fotografiarse con el popular Alfredo \u00abMarote\u00bb Diamante, propietario del complejo de padel y f\u00fatbol 5.<\/p>\n\n\n\n<p>La Konga cuenta con muchas amistades y fan\u00e1ticos en San Pedro, y por la noche fue el grupo que cerr\u00f3 la edici\u00f3n 2023 del tradicional festival baraderense.<\/p>\n","protected":false},"excerpt":{"rendered":"<p>Los integrantes del grupo cordob\u00e9s estuvieron en nuestra ciudad antes de trasladarse a la vecina localidad para presentarse en el festival popular. No es la primera vez que pasan por San Pedro y seguramente no ser\u00e1 la \u00faltima. El grupo cuartetero La Konga volvi\u00f3 a la ciudad pero no para actuar sino para hacer la [&hellip;]<\/p>\n","protected":false},"author":4,"featured_media":115010,"comment_status":"closed","ping_status":"closed","sticky":false,"template":"","format":"standard","meta":{"om_disable_all_campaigns":false,"_jetpack_memberships_contains_paid_content":false,"footnotes":""},"categories":[50,101,2],"tags":[197,696,33,19],"class_list":["post-115009","post","type-post","status-publish","format-standard","has-post-thumbnail","hentry","category-destacadas","category-interes-general-locales","category-locales","tag-buenos-aires","tag-interes-general","tag-locales","tag-san-pedro"],"aioseo_notices":[],"gutentor_comment":0,"jetpack_featured_media_url":"https:\/\/eldiariodesanpedro.com.ar\/sitio\/wp-content\/uploads\/2023\/02\/0000021628-resized-1920x1080-1.png","jetpack_shortlink":"https:\/\/wp.me\/p6RhLt-tUZ","jetpack_sharing_enabled":true,"_links":{"self":[{"href":"https:\/\/eldiariodesanpedro.com.ar\/sitio\/wp-json\/wp\/v2\/posts\/115009","targetHints":{"allow":["GET"]}}],"collection":[{"href":"https:\/\/eldiariodesanpedro.com.ar\/sitio\/wp-json\/wp\/v2\/posts"}],"about":[{"href":"https:\/\/eldiariodesanpedro.com.ar\/sitio\/wp-json\/wp\/v2\/types\/post"}],"author":[{"embeddable":true,"href":"https:\/\/eldiariodesanpedro.com.ar\/sitio\/wp-json\/wp\/v2\/users\/4"}],"replies":[{"embeddable":true,"href":"https:\/\/eldiariodesanpedro.com.ar\/sitio\/wp-json\/wp\/v2\/comments?post=115009"}],"version-history":[{"count":1,"href":"https:\/\/eldiariodesanpedro.com.ar\/sitio\/wp-json\/wp\/v2\/posts\/115009\/revisions"}],"predecessor-version":[{"id":115011,"href":"https:\/\/eldiariodesanpedro.com.ar\/sitio\/wp-json\/wp\/v2\/posts\/115009\/revisions\/115011"}],"wp:featuredmedia":[{"embeddable":true,"href":"https:\/\/eldiariodesanpedro.com.ar\/sitio\/wp-json\/wp\/v2\/media\/115010"}],"wp:attachment":[{"href":"https:\/\/eldiariodesanpedro.com.ar\/sitio\/wp-json\/wp\/v2\/media?parent=115009"}],"wp:term":[{"taxonomy":"category","embeddable":true,"href":"https:\/\/eldiariodesanpedro.com.ar\/sitio\/wp-json\/wp\/v2\/categories?post=115009"},{"taxonomy":"post_tag","embeddable":true,"href":"https:\/\/eldiariodesanpedro.com.ar\/sitio\/wp-json\/wp\/v2\/tags?post=115009"}],"curies":[{"name":"wp","href":"https:\/\/api.w.org\/{rel}","templated":true}]}}