{"id":115004,"date":"2023-02-14T13:29:26","date_gmt":"2023-02-14T16:29:26","guid":{"rendered":"https:\/\/eldiariodesanpedro.com.ar\/sitio\/?p=115004"},"modified":"2023-02-14T13:29:27","modified_gmt":"2023-02-14T16:29:27","slug":"san-pedro-canta-desfile-de-carnaval-entre-otros-eventos-este-fin-de-semana-largo","status":"publish","type":"post","link":"https:\/\/eldiariodesanpedro.com.ar\/sitio\/san-pedro-canta-desfile-de-carnaval-entre-otros-eventos-este-fin-de-semana-largo\/","title":{"rendered":"San Pedro Canta, desfile de carnaval entre otros eventos este fin de semana largo"},"content":{"rendered":"<!-- VideographyWP Plugin Message: Automatic video embedding prevented by plugin options. -->\n\n<p>Esta ma\u00f1ana, en la Secretar\u00eda de Turismo y Cultura, fueron presentadas a trav\u00e9s de una conferencia de prensa las actividades que se desarrollar\u00e1n durante el fin de semana largo como parte del trabajo que se viene llevando a cabo entre las diferentes \u00e1reas del gobierno municipal para ofrecer a sampedrinos y turistas eventos de calidad que contin\u00faen fortaleciendo el turismo y generando trabajo en la ciudad.<\/p>\n\n\n\n<p>Durante el encuentro, que encabez\u00f3 la Secretaria de Turismo y Cultura Marcela Cu\u00f1er, fue presentada en su cargo la nueva Directora de Cultura, Gabriela Bah\u00eda quien ofreci\u00f3 detalles del desarrollo del gran desfile de carnaval que se llevar\u00e1 a cabo el domingo 19 de febrero a partir de las 20.30 hs. en calle Pellegrini y San Mart\u00edn. Adem\u00e1s, form\u00f3 parte del anuncio el artista sampedrino, Keko Gonz\u00e1lez, organizador del sexto encuentro de San Pedro Canta que se llevar\u00e1 a cabo los d\u00edas s\u00e1bado 18, domingo 19 y lunes 20 de febrero en el Paseo P\u00fablico Municipal.<\/p>\n\n\n\n<p>Estas actividades se suman a las propuestas que se vienen desarrollando durante la temporada que consolidan a San Pedro por tercer a\u00f1o consecutivo como plaza teatral con obras de calidad, artistas de renombre e impulsando adem\u00e1s los talentos de nuestra ciudad.<br>Ofreciendo en el Teatro Municipal Siripo un espect\u00e1culo de revista integrado en su totalidad por artistas sampedrinos, que este fin de semana se presentar\u00e1 el viernes 17 y lunes 20 de febrero a las 21.30 hs.<br>En el Centro Cultural Abelardo Castillo, todos los s\u00e1bado de febrero se presenta Anita Mart\u00ednez con su espect\u00e1culo unipersonal \u201cCosas que no se deben decir\u201d a las 21.00 hs. y el show de \u201cTalentos en San Pedro\u201d conducido por Rodrigo Lussich desde las 22.30 hs.<\/p>\n\n\n\n<p>Adem\u00e1s, la peatonal de verano de viernes a domingo ofreciendo shows en vivo y una amplia propuesta gastron\u00f3mica, el Parador de Vuelta de Obligado, los mi\u00e9rcoles de Cine Bajo las Estrellas en Plaza Belgrano y la feria de artesanos que se desarrolla en el mismo lugar los fines de semana, con shows de circo y m\u00fasica en vivo son parte de un trabajo conjunto que llev\u00f3 la capacidad hotelera a un 95 % de ocupaci\u00f3n durante todos los fines de semana de esta temporada.<\/p>\n\n\n\n<figure class=\"wp-block-image size-full\"><img decoding=\"async\" width=\"476\" height=\"630\" data-attachment-id=\"115006\" data-permalink=\"https:\/\/eldiariodesanpedro.com.ar\/sitio\/san-pedro-canta-desfile-de-carnaval-entre-otros-eventos-este-fin-de-semana-largo\/whatsapp-image-2023-02-14-at-12-48-33\/\" data-orig-file=\"https:\/\/eldiariodesanpedro.com.ar\/sitio\/wp-content\/uploads\/2023\/02\/WhatsApp-Image-2023-02-14-at-12.48.33.jpeg\" data-orig-size=\"476,630\" data-comments-opened=\"0\" data-image-meta=\"{&quot;aperture&quot;:&quot;0&quot;,&quot;credit&quot;:&quot;&quot;,&quot;camera&quot;:&quot;&quot;,&quot;caption&quot;:&quot;&quot;,&quot;created_timestamp&quot;:&quot;0&quot;,&quot;copyright&quot;:&quot;&quot;,&quot;focal_length&quot;:&quot;0&quot;,&quot;iso&quot;:&quot;0&quot;,&quot;shutter_speed&quot;:&quot;0&quot;,&quot;title&quot;:&quot;&quot;,&quot;orientation&quot;:&quot;0&quot;}\" data-image-title=\"WhatsApp Image 2023-02-14 at 12.48.33\" data-image-description=\"\" data-image-caption=\"\" data-large-file=\"https:\/\/eldiariodesanpedro.com.ar\/sitio\/wp-content\/uploads\/2023\/02\/WhatsApp-Image-2023-02-14-at-12.48.33.jpeg\" data-src=\"https:\/\/eldiariodesanpedro.com.ar\/sitio\/wp-content\/uploads\/2023\/02\/WhatsApp-Image-2023-02-14-at-12.48.33.jpeg\" alt=\"\" class=\"wp-image-115006 lazyload\" data-srcset=\"https:\/\/eldiariodesanpedro.com.ar\/sitio\/wp-content\/uploads\/2023\/02\/WhatsApp-Image-2023-02-14-at-12.48.33.jpeg 476w, https:\/\/eldiariodesanpedro.com.ar\/sitio\/wp-content\/uploads\/2023\/02\/WhatsApp-Image-2023-02-14-at-12.48.33-227x300.jpeg 227w\" data-sizes=\"(max-width: 476px) 100vw, 476px\" src=\"data:image\/svg+xml;base64,PHN2ZyB3aWR0aD0iMSIgaGVpZ2h0PSIxIiB4bWxucz0iaHR0cDovL3d3dy53My5vcmcvMjAwMC9zdmciPjwvc3ZnPg==\" style=\"--smush-placeholder-width: 476px; --smush-placeholder-aspect-ratio: 476\/630;\" \/><\/figure>\n\n\n\n<figure class=\"wp-block-image size-full\"><img decoding=\"async\" width=\"630\" height=\"630\" data-attachment-id=\"115007\" data-permalink=\"https:\/\/eldiariodesanpedro.com.ar\/sitio\/san-pedro-canta-desfile-de-carnaval-entre-otros-eventos-este-fin-de-semana-largo\/whatsapp-image-2023-02-10-at-08-50-17\/\" data-orig-file=\"https:\/\/eldiariodesanpedro.com.ar\/sitio\/wp-content\/uploads\/2023\/02\/WhatsApp-Image-2023-02-10-at-08.50.17.jpeg\" data-orig-size=\"630,630\" data-comments-opened=\"0\" data-image-meta=\"{&quot;aperture&quot;:&quot;0&quot;,&quot;credit&quot;:&quot;&quot;,&quot;camera&quot;:&quot;&quot;,&quot;caption&quot;:&quot;&quot;,&quot;created_timestamp&quot;:&quot;0&quot;,&quot;copyright&quot;:&quot;&quot;,&quot;focal_length&quot;:&quot;0&quot;,&quot;iso&quot;:&quot;0&quot;,&quot;shutter_speed&quot;:&quot;0&quot;,&quot;title&quot;:&quot;&quot;,&quot;orientation&quot;:&quot;0&quot;}\" data-image-title=\"WhatsApp Image 2023-02-10 at 08.50.17\" data-image-description=\"\" data-image-caption=\"\" data-large-file=\"https:\/\/eldiariodesanpedro.com.ar\/sitio\/wp-content\/uploads\/2023\/02\/WhatsApp-Image-2023-02-10-at-08.50.17.jpeg\" data-src=\"https:\/\/eldiariodesanpedro.com.ar\/sitio\/wp-content\/uploads\/2023\/02\/WhatsApp-Image-2023-02-10-at-08.50.17.jpeg\" alt=\"\" class=\"wp-image-115007 lazyload\" data-srcset=\"https:\/\/eldiariodesanpedro.com.ar\/sitio\/wp-content\/uploads\/2023\/02\/WhatsApp-Image-2023-02-10-at-08.50.17.jpeg 630w, https:\/\/eldiariodesanpedro.com.ar\/sitio\/wp-content\/uploads\/2023\/02\/WhatsApp-Image-2023-02-10-at-08.50.17-300x300.jpeg 300w, https:\/\/eldiariodesanpedro.com.ar\/sitio\/wp-content\/uploads\/2023\/02\/WhatsApp-Image-2023-02-10-at-08.50.17-150x150.jpeg 150w\" data-sizes=\"(max-width: 630px) 100vw, 630px\" src=\"data:image\/svg+xml;base64,PHN2ZyB3aWR0aD0iMSIgaGVpZ2h0PSIxIiB4bWxucz0iaHR0cDovL3d3dy53My5vcmcvMjAwMC9zdmciPjwvc3ZnPg==\" style=\"--smush-placeholder-width: 630px; --smush-placeholder-aspect-ratio: 630\/630;\" \/><\/figure>\n","protected":false},"excerpt":{"rendered":"<p>Esta ma\u00f1ana, en la Secretar\u00eda de Turismo y Cultura, fueron presentadas a trav\u00e9s de una conferencia de prensa las actividades que se desarrollar\u00e1n durante el fin de semana largo como parte del trabajo que se viene llevando a cabo entre las diferentes \u00e1reas del gobierno municipal para ofrecer a sampedrinos y turistas eventos de calidad [&hellip;]<\/p>\n","protected":false},"author":4,"featured_media":115005,"comment_status":"closed","ping_status":"closed","sticky":false,"template":"","format":"standard","meta":{"om_disable_all_campaigns":false,"_jetpack_memberships_contains_paid_content":false,"footnotes":""},"categories":[50,101,2],"tags":[197,696,33,19],"class_list":["post-115004","post","type-post","status-publish","format-standard","has-post-thumbnail","hentry","category-destacadas","category-interes-general-locales","category-locales","tag-buenos-aires","tag-interes-general","tag-locales","tag-san-pedro"],"aioseo_notices":[],"gutentor_comment":0,"jetpack_featured_media_url":"https:\/\/eldiariodesanpedro.com.ar\/sitio\/wp-content\/uploads\/2023\/02\/WhatsApp-Image-2023-02-14-at-12.48.32.jpeg","jetpack_shortlink":"https:\/\/wp.me\/p6RhLt-tUU","jetpack_sharing_enabled":true,"_links":{"self":[{"href":"https:\/\/eldiariodesanpedro.com.ar\/sitio\/wp-json\/wp\/v2\/posts\/115004","targetHints":{"allow":["GET"]}}],"collection":[{"href":"https:\/\/eldiariodesanpedro.com.ar\/sitio\/wp-json\/wp\/v2\/posts"}],"about":[{"href":"https:\/\/eldiariodesanpedro.com.ar\/sitio\/wp-json\/wp\/v2\/types\/post"}],"author":[{"embeddable":true,"href":"https:\/\/eldiariodesanpedro.com.ar\/sitio\/wp-json\/wp\/v2\/users\/4"}],"replies":[{"embeddable":true,"href":"https:\/\/eldiariodesanpedro.com.ar\/sitio\/wp-json\/wp\/v2\/comments?post=115004"}],"version-history":[{"count":1,"href":"https:\/\/eldiariodesanpedro.com.ar\/sitio\/wp-json\/wp\/v2\/posts\/115004\/revisions"}],"predecessor-version":[{"id":115008,"href":"https:\/\/eldiariodesanpedro.com.ar\/sitio\/wp-json\/wp\/v2\/posts\/115004\/revisions\/115008"}],"wp:featuredmedia":[{"embeddable":true,"href":"https:\/\/eldiariodesanpedro.com.ar\/sitio\/wp-json\/wp\/v2\/media\/115005"}],"wp:attachment":[{"href":"https:\/\/eldiariodesanpedro.com.ar\/sitio\/wp-json\/wp\/v2\/media?parent=115004"}],"wp:term":[{"taxonomy":"category","embeddable":true,"href":"https:\/\/eldiariodesanpedro.com.ar\/sitio\/wp-json\/wp\/v2\/categories?post=115004"},{"taxonomy":"post_tag","embeddable":true,"href":"https:\/\/eldiariodesanpedro.com.ar\/sitio\/wp-json\/wp\/v2\/tags?post=115004"}],"curies":[{"name":"wp","href":"https:\/\/api.w.org\/{rel}","templated":true}]}}