{"id":114994,"date":"2023-02-14T12:40:22","date_gmt":"2023-02-14T15:40:22","guid":{"rendered":"https:\/\/eldiariodesanpedro.com.ar\/sitio\/?p=114994"},"modified":"2023-02-14T12:59:09","modified_gmt":"2023-02-14T15:59:09","slug":"dos-delincuentes-armados-ingresaron-a-robar-a-una-vivienda-y-el-propietario-se-defendio-a-disparos-uno-de-los-malvivientes-heridos","status":"publish","type":"post","link":"https:\/\/eldiariodesanpedro.com.ar\/sitio\/dos-delincuentes-armados-ingresaron-a-robar-a-una-vivienda-y-el-propietario-se-defendio-a-disparos-uno-de-los-malvivientes-heridos\/","title":{"rendered":"Dos delincuentes armados ingresaron a robar a una vivienda y el propietario se defendi\u00f3 a disparos, uno de los malvivientes heridos"},"content":{"rendered":"<!-- VideographyWP Plugin Message: Automatic video embedding prevented by plugin options. -->\n\n<p>En la ma\u00f1ana de este martes ocurri\u00f3 un enfrentamiento a disparos entre delincuentes y un ciudadano de nuestra ciudad cuando estos dos sujeto ingresaron a robar a su vivienda.<\/p>\n\n\n\n<p>El hecho tuvo lugar alrededor de las 11:30 hs en una vivienda ubicada en M\u00e1ximo Millan al 1551 donde dos delincuentes que se hicieron pasar por polic\u00edas con intensiones de robar ingresan a la vivienda y el propietario Pedro Slovinski advertir la situaci\u00f3n se esconde dentro de una habitaci\u00f3n y se encierra, cuando estos malvivientes se acercan a la puerta para sacar a esta persona del cuarto es repelido a disparos desde adentro hiriendo a uno de ellos, por lo que estas dos personas se dan a la fuga dejando marcas en la vereda y calle de sangre.<\/p>\n\n\n\n<p>La policial se encuentra investigando el caso para tratar de dar con estas personas, en la zona se pueden ver muchas c\u00e1maras de seguridad para poder identificar a los delincuentes.<\/p>\n\n\n\n<p>Hasta el momento lo \u00fanico que se pudo constatar es el faltante de tel\u00e9fonos celulares.<\/p>\n\n\n\n<p>En el lugar se hizo presente una ambulancia del SAME para revisar a las personas que se encontraban dentro de la vivienda.<\/p>\n\n\n\n<figure class=\"wp-block-image size-large\"><img decoding=\"async\" width=\"1024\" height=\"497\" data-attachment-id=\"114999\" data-permalink=\"https:\/\/eldiariodesanpedro.com.ar\/sitio\/dos-delincuentes-armados-ingresaron-a-robar-a-una-vivienda-y-el-propietario-se-defendio-a-disparos-uno-de-los-malvivientes-heridos\/whatsapp-image-2023-02-14-at-12-29-16\/\" data-orig-file=\"https:\/\/eldiariodesanpedro.com.ar\/sitio\/wp-content\/uploads\/2023\/02\/WhatsApp-Image-2023-02-14-at-12.29.16.jpeg\" data-orig-size=\"1200,583\" data-comments-opened=\"0\" data-image-meta=\"{&quot;aperture&quot;:&quot;0&quot;,&quot;credit&quot;:&quot;&quot;,&quot;camera&quot;:&quot;&quot;,&quot;caption&quot;:&quot;&quot;,&quot;created_timestamp&quot;:&quot;0&quot;,&quot;copyright&quot;:&quot;&quot;,&quot;focal_length&quot;:&quot;0&quot;,&quot;iso&quot;:&quot;0&quot;,&quot;shutter_speed&quot;:&quot;0&quot;,&quot;title&quot;:&quot;&quot;,&quot;orientation&quot;:&quot;0&quot;}\" data-image-title=\"WhatsApp Image 2023-02-14 at 12.29.16\" data-image-description=\"\" data-image-caption=\"\" data-large-file=\"https:\/\/eldiariodesanpedro.com.ar\/sitio\/wp-content\/uploads\/2023\/02\/WhatsApp-Image-2023-02-14-at-12.29.16-1024x497.jpeg\" data-src=\"https:\/\/eldiariodesanpedro.com.ar\/sitio\/wp-content\/uploads\/2023\/02\/WhatsApp-Image-2023-02-14-at-12.29.16-1024x497.jpeg\" alt=\"\" class=\"wp-image-114999 lazyload\" data-srcset=\"https:\/\/eldiariodesanpedro.com.ar\/sitio\/wp-content\/uploads\/2023\/02\/WhatsApp-Image-2023-02-14-at-12.29.16-1024x497.jpeg 1024w, https:\/\/eldiariodesanpedro.com.ar\/sitio\/wp-content\/uploads\/2023\/02\/WhatsApp-Image-2023-02-14-at-12.29.16-300x146.jpeg 300w, https:\/\/eldiariodesanpedro.com.ar\/sitio\/wp-content\/uploads\/2023\/02\/WhatsApp-Image-2023-02-14-at-12.29.16-768x373.jpeg 768w, https:\/\/eldiariodesanpedro.com.ar\/sitio\/wp-content\/uploads\/2023\/02\/WhatsApp-Image-2023-02-14-at-12.29.16.jpeg 1200w\" data-sizes=\"(max-width: 1024px) 100vw, 1024px\" src=\"data:image\/svg+xml;base64,PHN2ZyB3aWR0aD0iMSIgaGVpZ2h0PSIxIiB4bWxucz0iaHR0cDovL3d3dy53My5vcmcvMjAwMC9zdmciPjwvc3ZnPg==\" style=\"--smush-placeholder-width: 1024px; --smush-placeholder-aspect-ratio: 1024\/497;\" \/><\/figure>\n\n\n\n<figure class=\"wp-block-image size-large\"><img decoding=\"async\" width=\"1024\" height=\"576\" data-attachment-id=\"114996\" data-permalink=\"https:\/\/eldiariodesanpedro.com.ar\/sitio\/dos-delincuentes-armados-ingresaron-a-robar-a-una-vivienda-y-el-propietario-se-defendio-a-disparos-uno-de-los-malvivientes-heridos\/whatsapp-image-2023-02-14-at-12-29-15\/\" data-orig-file=\"https:\/\/eldiariodesanpedro.com.ar\/sitio\/wp-content\/uploads\/2023\/02\/WhatsApp-Image-2023-02-14-at-12.29.15.jpeg\" data-orig-size=\"1120,630\" data-comments-opened=\"0\" data-image-meta=\"{&quot;aperture&quot;:&quot;0&quot;,&quot;credit&quot;:&quot;&quot;,&quot;camera&quot;:&quot;&quot;,&quot;caption&quot;:&quot;&quot;,&quot;created_timestamp&quot;:&quot;0&quot;,&quot;copyright&quot;:&quot;&quot;,&quot;focal_length&quot;:&quot;0&quot;,&quot;iso&quot;:&quot;0&quot;,&quot;shutter_speed&quot;:&quot;0&quot;,&quot;title&quot;:&quot;&quot;,&quot;orientation&quot;:&quot;0&quot;}\" data-image-title=\"WhatsApp Image 2023-02-14 at 12.29.15\" data-image-description=\"\" data-image-caption=\"\" data-large-file=\"https:\/\/eldiariodesanpedro.com.ar\/sitio\/wp-content\/uploads\/2023\/02\/WhatsApp-Image-2023-02-14-at-12.29.15-1024x576.jpeg\" data-src=\"https:\/\/eldiariodesanpedro.com.ar\/sitio\/wp-content\/uploads\/2023\/02\/WhatsApp-Image-2023-02-14-at-12.29.15-1024x576.jpeg\" alt=\"\" class=\"wp-image-114996 lazyload\" data-srcset=\"https:\/\/eldiariodesanpedro.com.ar\/sitio\/wp-content\/uploads\/2023\/02\/WhatsApp-Image-2023-02-14-at-12.29.15-1024x576.jpeg 1024w, https:\/\/eldiariodesanpedro.com.ar\/sitio\/wp-content\/uploads\/2023\/02\/WhatsApp-Image-2023-02-14-at-12.29.15-300x169.jpeg 300w, https:\/\/eldiariodesanpedro.com.ar\/sitio\/wp-content\/uploads\/2023\/02\/WhatsApp-Image-2023-02-14-at-12.29.15-768x432.jpeg 768w, https:\/\/eldiariodesanpedro.com.ar\/sitio\/wp-content\/uploads\/2023\/02\/WhatsApp-Image-2023-02-14-at-12.29.15.jpeg 1120w\" data-sizes=\"(max-width: 1024px) 100vw, 1024px\" src=\"data:image\/svg+xml;base64,PHN2ZyB3aWR0aD0iMSIgaGVpZ2h0PSIxIiB4bWxucz0iaHR0cDovL3d3dy53My5vcmcvMjAwMC9zdmciPjwvc3ZnPg==\" style=\"--smush-placeholder-width: 1024px; --smush-placeholder-aspect-ratio: 1024\/576;\" \/><\/figure>\n","protected":false},"excerpt":{"rendered":"<p>En la ma\u00f1ana de este martes ocurri\u00f3 un enfrentamiento a disparos entre delincuentes y un ciudadano de nuestra ciudad cuando estos dos sujeto ingresaron a robar a su vivienda. El hecho tuvo lugar alrededor de las 11:30 hs en una vivienda ubicada en M\u00e1ximo Millan al 1551 donde dos delincuentes que se hicieron pasar por [&hellip;]<\/p>\n","protected":false},"author":4,"featured_media":115000,"comment_status":"closed","ping_status":"closed","sticky":false,"template":"","format":"standard","meta":{"om_disable_all_campaigns":false,"_jetpack_memberships_contains_paid_content":false,"footnotes":""},"categories":[50,2,103],"tags":[],"class_list":["post-114994","post","type-post","status-publish","format-standard","has-post-thumbnail","hentry","category-destacadas","category-locales","category-policiales-locales"],"aioseo_notices":[],"gutentor_comment":0,"jetpack_featured_media_url":"https:\/\/eldiariodesanpedro.com.ar\/sitio\/wp-content\/uploads\/2023\/02\/WhatsApp-Image-2023-02-14-at-12.29.17.jpeg","jetpack_shortlink":"https:\/\/wp.me\/p6RhLt-tUK","jetpack_sharing_enabled":true,"_links":{"self":[{"href":"https:\/\/eldiariodesanpedro.com.ar\/sitio\/wp-json\/wp\/v2\/posts\/114994","targetHints":{"allow":["GET"]}}],"collection":[{"href":"https:\/\/eldiariodesanpedro.com.ar\/sitio\/wp-json\/wp\/v2\/posts"}],"about":[{"href":"https:\/\/eldiariodesanpedro.com.ar\/sitio\/wp-json\/wp\/v2\/types\/post"}],"author":[{"embeddable":true,"href":"https:\/\/eldiariodesanpedro.com.ar\/sitio\/wp-json\/wp\/v2\/users\/4"}],"replies":[{"embeddable":true,"href":"https:\/\/eldiariodesanpedro.com.ar\/sitio\/wp-json\/wp\/v2\/comments?post=114994"}],"version-history":[{"count":2,"href":"https:\/\/eldiariodesanpedro.com.ar\/sitio\/wp-json\/wp\/v2\/posts\/114994\/revisions"}],"predecessor-version":[{"id":115003,"href":"https:\/\/eldiariodesanpedro.com.ar\/sitio\/wp-json\/wp\/v2\/posts\/114994\/revisions\/115003"}],"wp:featuredmedia":[{"embeddable":true,"href":"https:\/\/eldiariodesanpedro.com.ar\/sitio\/wp-json\/wp\/v2\/media\/115000"}],"wp:attachment":[{"href":"https:\/\/eldiariodesanpedro.com.ar\/sitio\/wp-json\/wp\/v2\/media?parent=114994"}],"wp:term":[{"taxonomy":"category","embeddable":true,"href":"https:\/\/eldiariodesanpedro.com.ar\/sitio\/wp-json\/wp\/v2\/categories?post=114994"},{"taxonomy":"post_tag","embeddable":true,"href":"https:\/\/eldiariodesanpedro.com.ar\/sitio\/wp-json\/wp\/v2\/tags?post=114994"}],"curies":[{"name":"wp","href":"https:\/\/api.w.org\/{rel}","templated":true}]}}