{"id":114991,"date":"2023-02-14T11:43:06","date_gmt":"2023-02-14T14:43:06","guid":{"rendered":"https:\/\/eldiariodesanpedro.com.ar\/sitio\/?p=114991"},"modified":"2023-02-14T11:43:08","modified_gmt":"2023-02-14T14:43:08","slug":"la-secretaria-de-salud-se-hizo-cargo-de-las-direcciones-del-los-hospitales-de-san-pedro-y-santa-lucia","status":"publish","type":"post","link":"https:\/\/eldiariodesanpedro.com.ar\/sitio\/la-secretaria-de-salud-se-hizo-cargo-de-las-direcciones-del-los-hospitales-de-san-pedro-y-santa-lucia\/","title":{"rendered":"La Secretaria de Salud se hizo cargo de las direcciones del los hospitales de San Pedro y Santa Luc\u00eda"},"content":{"rendered":"<!-- VideographyWP Plugin Message: Automatic video embedding prevented by plugin options. -->\n\n<p>Tras la salida de los doctores Creus y Gutierrez de las direcciones de ambos nosocomios se decidi\u00f3 que por ahora no haya nombramientos.<\/p>\n\n\n\n<p>Luego de que se conocieran las renuncias del Dr. Daniel Creus a la direcci\u00f3n del hospital \u00abEmilio Ruffa\u00bb y del Dr. Carlos Guti\u00e9rrez al mismo cargo pero en el hospital de Santa Luc\u00eda, se barajaron varios nombres para sucederlos.<\/p>\n\n\n\n<p>De todos modos, el Dr. Gabriel Sayago, subsecretario de salud, reconoci\u00f3 en el aire de FM Genesis que por ahora no habr\u00e1 reemplazantes y tampoco se designar\u00e1 a ning\u00fan profesional para cubrir ambos cargos.<\/p>\n\n\n\n<p>Ser\u00e1 la propia Secretaria de Salud, a cargo del Dr. Pablo Pichioni, qui\u00e9n conduzca los destinos de ambas instituciones, aunque si es necesario designar a alguien ser\u00e1 en principio para el hospital de Santa Luc\u00eda.<\/p>\n\n\n\n<p>Cave destacar que la presencia hoy en la Secretar\u00eda de Salud de los doctores Pichioni y Sayago, permite asumir hoy esa funci\u00f3n debido a que cuentan con una sobrada capacidad para dirigir ambos hospitales sin la urgencia de salir a buscar un reemplazante.<\/p>\n","protected":false},"excerpt":{"rendered":"<p>Tras la salida de los doctores Creus y Gutierrez de las direcciones de ambos nosocomios se decidi\u00f3 que por ahora no haya nombramientos. Luego de que se conocieran las renuncias del Dr. Daniel Creus a la direcci\u00f3n del hospital \u00abEmilio Ruffa\u00bb y del Dr. Carlos Guti\u00e9rrez al mismo cargo pero en el hospital de Santa [&hellip;]<\/p>\n","protected":false},"author":4,"featured_media":114992,"comment_status":"closed","ping_status":"closed","sticky":false,"template":"","format":"standard","meta":{"om_disable_all_campaigns":false,"_jetpack_memberships_contains_paid_content":false,"footnotes":""},"categories":[2],"tags":[197,696,33,19],"class_list":["post-114991","post","type-post","status-publish","format-standard","has-post-thumbnail","hentry","category-locales","tag-buenos-aires","tag-interes-general","tag-locales","tag-san-pedro"],"aioseo_notices":[],"gutentor_comment":0,"jetpack_featured_media_url":"https:\/\/eldiariodesanpedro.com.ar\/sitio\/wp-content\/uploads\/2023\/02\/0000021629-resized-1920x1080-1.jpg","jetpack_shortlink":"https:\/\/wp.me\/p6RhLt-tUH","jetpack_sharing_enabled":true,"_links":{"self":[{"href":"https:\/\/eldiariodesanpedro.com.ar\/sitio\/wp-json\/wp\/v2\/posts\/114991","targetHints":{"allow":["GET"]}}],"collection":[{"href":"https:\/\/eldiariodesanpedro.com.ar\/sitio\/wp-json\/wp\/v2\/posts"}],"about":[{"href":"https:\/\/eldiariodesanpedro.com.ar\/sitio\/wp-json\/wp\/v2\/types\/post"}],"author":[{"embeddable":true,"href":"https:\/\/eldiariodesanpedro.com.ar\/sitio\/wp-json\/wp\/v2\/users\/4"}],"replies":[{"embeddable":true,"href":"https:\/\/eldiariodesanpedro.com.ar\/sitio\/wp-json\/wp\/v2\/comments?post=114991"}],"version-history":[{"count":1,"href":"https:\/\/eldiariodesanpedro.com.ar\/sitio\/wp-json\/wp\/v2\/posts\/114991\/revisions"}],"predecessor-version":[{"id":114993,"href":"https:\/\/eldiariodesanpedro.com.ar\/sitio\/wp-json\/wp\/v2\/posts\/114991\/revisions\/114993"}],"wp:featuredmedia":[{"embeddable":true,"href":"https:\/\/eldiariodesanpedro.com.ar\/sitio\/wp-json\/wp\/v2\/media\/114992"}],"wp:attachment":[{"href":"https:\/\/eldiariodesanpedro.com.ar\/sitio\/wp-json\/wp\/v2\/media?parent=114991"}],"wp:term":[{"taxonomy":"category","embeddable":true,"href":"https:\/\/eldiariodesanpedro.com.ar\/sitio\/wp-json\/wp\/v2\/categories?post=114991"},{"taxonomy":"post_tag","embeddable":true,"href":"https:\/\/eldiariodesanpedro.com.ar\/sitio\/wp-json\/wp\/v2\/tags?post=114991"}],"curies":[{"name":"wp","href":"https:\/\/api.w.org\/{rel}","templated":true}]}}