{"id":114947,"date":"2023-02-10T16:23:17","date_gmt":"2023-02-10T19:23:17","guid":{"rendered":"https:\/\/eldiariodesanpedro.com.ar\/sitio\/?p=114947"},"modified":"2023-02-10T16:23:19","modified_gmt":"2023-02-10T19:23:19","slug":"el-sampedrino-marino-fabianesi-publico-un-poemario","status":"publish","type":"post","link":"https:\/\/eldiariodesanpedro.com.ar\/sitio\/el-sampedrino-marino-fabianesi-publico-un-poemario\/","title":{"rendered":"El sampedrino Marino Fabianesi public\u00f3 un poemario"},"content":{"rendered":"<!-- VideographyWP Plugin Message: Automatic video embedding prevented by plugin options. -->\n\n<p>\u00abAires del pueblo de uno\u00bb, posee canciones y poemas que retratan paisajes, calles, personajes y lugares de nuestra localidad.<\/p>\n\n\n\n<p>Marino Fabianesi tiene 59 a\u00f1os, es sanpedrino y escribe desde la primera infancia. Siempre quiso publicar pero las circunstancias no se lo permit\u00edan.&nbsp; Los temas de su escritura son las cosas sencillas de la vida, los paisajes que lo rodean, los personajes del pueblo y tambi\u00e9n incursiona en temas sociales, como las infancias, las injusticias, etc. Tiene muchos referentes literarios, pero podemos nombrar a Armando Tejada G\u00f3mez, Hamlet Lima Quintana, Antonio Machado, Miguel Hern\u00e1ndez, entre otros. El t\u00edtulo del libro, publicado por la editorial Maxbrod, responde a que gran parte de la inspiraci\u00f3n para su escritura est\u00e1 fundamentada en la vida cotidiana del pueblo.<\/p>\n\n\n\n<p>Para definir el texto en pocas palabras basta con decir que es un recorrido por la infancia que encierra memorias y afectos que lo han acompa\u00f1ado y acompa\u00f1an en su paso por la vida.<\/p>\n\n\n\n<p>Rese\u00f1a del libro<\/p>\n\n\n\n<p>El paisaje campestre y el majestuoso r\u00edo, que no cesa de pasar, llenaron sus pupilas de experiencias sensibles que rescata en su poes\u00eda desde temprana edad. Su mirar se amalgama con recuerdos y sentimientos, las formas, olores, colores se vuelven palabra que responde al clamor del hombre, a esa necesidad de convertir su identidad con el mundo en un vivo espejo, donde desaparecen los l\u00edmites entre el sujeto y el entorno. La apuesta del poeta es la de escribir como se vive, envuelto en el maravilloso misterio de lo m\u00e1s cercano. Esa sencillez de la vida misma tambi\u00e9n incluye la trascendencia.<\/p>\n","protected":false},"excerpt":{"rendered":"<p>\u00abAires del pueblo de uno\u00bb, posee canciones y poemas que retratan paisajes, calles, personajes y lugares de nuestra localidad. Marino Fabianesi tiene 59 a\u00f1os, es sanpedrino y escribe desde la primera infancia. Siempre quiso publicar pero las circunstancias no se lo permit\u00edan.&nbsp; Los temas de su escritura son las cosas sencillas de la vida, los [&hellip;]<\/p>\n","protected":false},"author":4,"featured_media":114948,"comment_status":"closed","ping_status":"closed","sticky":false,"template":"","format":"standard","meta":{"om_disable_all_campaigns":false,"_jetpack_memberships_contains_paid_content":false,"footnotes":""},"categories":[101,2],"tags":[197,3366,696,33,19],"class_list":["post-114947","post","type-post","status-publish","format-standard","has-post-thumbnail","hentry","category-interes-general-locales","category-locales","tag-buenos-aires","tag-el-sampedrino-marino-fabianesi-publico-un-poemario","tag-interes-general","tag-locales","tag-san-pedro"],"aioseo_notices":[],"gutentor_comment":0,"jetpack_featured_media_url":"https:\/\/eldiariodesanpedro.com.ar\/sitio\/wp-content\/uploads\/2023\/02\/medida-2-3.jpg","jetpack_shortlink":"https:\/\/wp.me\/p6RhLt-tTZ","jetpack_sharing_enabled":true,"_links":{"self":[{"href":"https:\/\/eldiariodesanpedro.com.ar\/sitio\/wp-json\/wp\/v2\/posts\/114947","targetHints":{"allow":["GET"]}}],"collection":[{"href":"https:\/\/eldiariodesanpedro.com.ar\/sitio\/wp-json\/wp\/v2\/posts"}],"about":[{"href":"https:\/\/eldiariodesanpedro.com.ar\/sitio\/wp-json\/wp\/v2\/types\/post"}],"author":[{"embeddable":true,"href":"https:\/\/eldiariodesanpedro.com.ar\/sitio\/wp-json\/wp\/v2\/users\/4"}],"replies":[{"embeddable":true,"href":"https:\/\/eldiariodesanpedro.com.ar\/sitio\/wp-json\/wp\/v2\/comments?post=114947"}],"version-history":[{"count":1,"href":"https:\/\/eldiariodesanpedro.com.ar\/sitio\/wp-json\/wp\/v2\/posts\/114947\/revisions"}],"predecessor-version":[{"id":114949,"href":"https:\/\/eldiariodesanpedro.com.ar\/sitio\/wp-json\/wp\/v2\/posts\/114947\/revisions\/114949"}],"wp:featuredmedia":[{"embeddable":true,"href":"https:\/\/eldiariodesanpedro.com.ar\/sitio\/wp-json\/wp\/v2\/media\/114948"}],"wp:attachment":[{"href":"https:\/\/eldiariodesanpedro.com.ar\/sitio\/wp-json\/wp\/v2\/media?parent=114947"}],"wp:term":[{"taxonomy":"category","embeddable":true,"href":"https:\/\/eldiariodesanpedro.com.ar\/sitio\/wp-json\/wp\/v2\/categories?post=114947"},{"taxonomy":"post_tag","embeddable":true,"href":"https:\/\/eldiariodesanpedro.com.ar\/sitio\/wp-json\/wp\/v2\/tags?post=114947"}],"curies":[{"name":"wp","href":"https:\/\/api.w.org\/{rel}","templated":true}]}}