{"id":114940,"date":"2023-02-10T15:15:54","date_gmt":"2023-02-10T18:15:54","guid":{"rendered":"https:\/\/eldiariodesanpedro.com.ar\/sitio\/?p=114940"},"modified":"2023-02-10T15:15:56","modified_gmt":"2023-02-10T18:15:56","slug":"crecio-casi-un-60-el-uso-del-tren-para-viajar-a-rosario","status":"publish","type":"post","link":"https:\/\/eldiariodesanpedro.com.ar\/sitio\/crecio-casi-un-60-el-uso-del-tren-para-viajar-a-rosario\/","title":{"rendered":"Creci\u00f3 casi un 60% el uso del tren para viajar a Rosario"},"content":{"rendered":"<!-- VideographyWP Plugin Message: Automatic video embedding prevented by plugin options. -->\n\n<p>Seg\u00fan datos de Trenes Argentinos, el servicio del tren a Rosario registr\u00f3 un crecimiento de m\u00e1s del 58 % respecto a la pre pandemia. En enero de 2020 se emitieron 19.463 boletos, mientras que en igual mes de este a\u00f1o viajaron 30.800 pasajeros.<\/p>\n\n\n\n<p><br>El aumento se debe a la combinaci\u00f3n de una mayor cantidad de trenes ofrecidos en sus servicios de larga distancia, y la regularidad registrada en las prestaciones.<br><br>El incremento en la cantidad de pasajes vendidos tambi\u00e9n se fundamenta en la apertura de una frecuencia del expreso los fines de semana. Sale todos los s\u00e1bados a las 6:12 de Retiro y llega a las 11:52 a Rosario Norte. Y vuelve los domingos a las 16:26 llegando a destino 22:06.<\/p>\n\n\n\n<p>El presidente de Trenes Argentinos, <strong>Mart\u00edn Marinucci<\/strong>, se\u00f1al\u00f3 que&nbsp; <strong>\u201ceste a\u00f1o registramos un r\u00e9cord en la venta de pasajes para la temporada, lo que indica que los argentinos eligen el tren como medio de transporte para vacacionar\u201d<\/strong>. Adem\u00e1s, resalt\u00f3 que <strong>\u201cestamos acercando un servicio de primera calidad y con una tarifa accesible a cada uno de nuestros pasajeros y pasajeras, tal como nos pide el presidente Alberto Fern\u00e1ndez y el ministro de Transporte Diego Giuliano<\/strong>\u201d.<\/p>\n\n\n\n<p><br>En tanto a nivel pa\u00eds, en el primer mes de este a\u00f1o, 226.056 personas eligieron al tren como medio de transporte para trasladarse a sus vacaciones, mientras que en igual plazo de 2020 hab\u00edan sido 134.315 pasajeros, lo que representa una suba del 68,53%.<\/p>\n\n\n\n<figure class=\"wp-block-image size-full\"><img decoding=\"async\" width=\"946\" height=\"630\" data-attachment-id=\"114942\" data-permalink=\"https:\/\/eldiariodesanpedro.com.ar\/sitio\/crecio-casi-un-60-el-uso-del-tren-para-viajar-a-rosario\/mjl_0195\/\" data-orig-file=\"https:\/\/eldiariodesanpedro.com.ar\/sitio\/wp-content\/uploads\/2023\/02\/MJL_0195.jpg\" data-orig-size=\"946,630\" data-comments-opened=\"0\" data-image-meta=\"{&quot;aperture&quot;:&quot;2.8&quot;,&quot;credit&quot;:&quot;&quot;,&quot;camera&quot;:&quot;NIKON D750&quot;,&quot;caption&quot;:&quot;&quot;,&quot;created_timestamp&quot;:&quot;0&quot;,&quot;copyright&quot;:&quot;&quot;,&quot;focal_length&quot;:&quot;70&quot;,&quot;iso&quot;:&quot;2000&quot;,&quot;shutter_speed&quot;:&quot;0.01&quot;,&quot;title&quot;:&quot;&quot;,&quot;orientation&quot;:&quot;0&quot;}\" data-image-title=\"MJL_0195\" data-image-description=\"\" data-image-caption=\"\" data-large-file=\"https:\/\/eldiariodesanpedro.com.ar\/sitio\/wp-content\/uploads\/2023\/02\/MJL_0195.jpg\" data-src=\"https:\/\/eldiariodesanpedro.com.ar\/sitio\/wp-content\/uploads\/2023\/02\/MJL_0195.jpg\" alt=\"\" class=\"wp-image-114942 lazyload\" data-srcset=\"https:\/\/eldiariodesanpedro.com.ar\/sitio\/wp-content\/uploads\/2023\/02\/MJL_0195.jpg 946w, https:\/\/eldiariodesanpedro.com.ar\/sitio\/wp-content\/uploads\/2023\/02\/MJL_0195-300x200.jpg 300w, https:\/\/eldiariodesanpedro.com.ar\/sitio\/wp-content\/uploads\/2023\/02\/MJL_0195-768x511.jpg 768w\" data-sizes=\"(max-width: 946px) 100vw, 946px\" src=\"data:image\/svg+xml;base64,PHN2ZyB3aWR0aD0iMSIgaGVpZ2h0PSIxIiB4bWxucz0iaHR0cDovL3d3dy53My5vcmcvMjAwMC9zdmciPjwvc3ZnPg==\" style=\"--smush-placeholder-width: 946px; --smush-placeholder-aspect-ratio: 946\/630;\" \/><\/figure>\n\n\n\n<figure class=\"wp-block-image size-full\"><img decoding=\"async\" width=\"945\" height=\"630\" data-attachment-id=\"114943\" data-permalink=\"https:\/\/eldiariodesanpedro.com.ar\/sitio\/crecio-casi-un-60-el-uso-del-tren-para-viajar-a-rosario\/mjl_1554\/\" data-orig-file=\"https:\/\/eldiariodesanpedro.com.ar\/sitio\/wp-content\/uploads\/2023\/02\/MJL_1554.jpg\" data-orig-size=\"945,630\" data-comments-opened=\"0\" data-image-meta=\"{&quot;aperture&quot;:&quot;5.6&quot;,&quot;credit&quot;:&quot;&quot;,&quot;camera&quot;:&quot;NIKON D750&quot;,&quot;caption&quot;:&quot;&quot;,&quot;created_timestamp&quot;:&quot;0&quot;,&quot;copyright&quot;:&quot;&quot;,&quot;focal_length&quot;:&quot;40&quot;,&quot;iso&quot;:&quot;500&quot;,&quot;shutter_speed&quot;:&quot;0.002&quot;,&quot;title&quot;:&quot;&quot;,&quot;orientation&quot;:&quot;0&quot;}\" data-image-title=\"MJL_1554\" data-image-description=\"\" data-image-caption=\"\" data-large-file=\"https:\/\/eldiariodesanpedro.com.ar\/sitio\/wp-content\/uploads\/2023\/02\/MJL_1554.jpg\" data-src=\"https:\/\/eldiariodesanpedro.com.ar\/sitio\/wp-content\/uploads\/2023\/02\/MJL_1554.jpg\" alt=\"\" class=\"wp-image-114943 lazyload\" data-srcset=\"https:\/\/eldiariodesanpedro.com.ar\/sitio\/wp-content\/uploads\/2023\/02\/MJL_1554.jpg 945w, https:\/\/eldiariodesanpedro.com.ar\/sitio\/wp-content\/uploads\/2023\/02\/MJL_1554-300x200.jpg 300w, https:\/\/eldiariodesanpedro.com.ar\/sitio\/wp-content\/uploads\/2023\/02\/MJL_1554-768x512.jpg 768w\" data-sizes=\"(max-width: 945px) 100vw, 945px\" src=\"data:image\/svg+xml;base64,PHN2ZyB3aWR0aD0iMSIgaGVpZ2h0PSIxIiB4bWxucz0iaHR0cDovL3d3dy53My5vcmcvMjAwMC9zdmciPjwvc3ZnPg==\" style=\"--smush-placeholder-width: 945px; --smush-placeholder-aspect-ratio: 945\/630;\" \/><\/figure>\n","protected":false},"excerpt":{"rendered":"<p>Seg\u00fan datos de Trenes Argentinos, el servicio del tren a Rosario registr\u00f3 un crecimiento de m\u00e1s del 58 % respecto a la pre pandemia. En enero de 2020 se emitieron 19.463 boletos, mientras que en igual mes de este a\u00f1o viajaron 30.800 pasajeros. El aumento se debe a la combinaci\u00f3n de una mayor cantidad de [&hellip;]<\/p>\n","protected":false},"author":4,"featured_media":114941,"comment_status":"closed","ping_status":"closed","sticky":false,"template":"","format":"standard","meta":{"om_disable_all_campaigns":false,"_jetpack_memberships_contains_paid_content":false,"footnotes":""},"categories":[101,2],"tags":[197,696,33,19],"class_list":["post-114940","post","type-post","status-publish","format-standard","has-post-thumbnail","hentry","category-interes-general-locales","category-locales","tag-buenos-aires","tag-interes-general","tag-locales","tag-san-pedro"],"aioseo_notices":[],"gutentor_comment":0,"jetpack_featured_media_url":"https:\/\/eldiariodesanpedro.com.ar\/sitio\/wp-content\/uploads\/2023\/02\/BAR_2758.jpg","jetpack_shortlink":"https:\/\/wp.me\/p6RhLt-tTS","jetpack_sharing_enabled":true,"_links":{"self":[{"href":"https:\/\/eldiariodesanpedro.com.ar\/sitio\/wp-json\/wp\/v2\/posts\/114940","targetHints":{"allow":["GET"]}}],"collection":[{"href":"https:\/\/eldiariodesanpedro.com.ar\/sitio\/wp-json\/wp\/v2\/posts"}],"about":[{"href":"https:\/\/eldiariodesanpedro.com.ar\/sitio\/wp-json\/wp\/v2\/types\/post"}],"author":[{"embeddable":true,"href":"https:\/\/eldiariodesanpedro.com.ar\/sitio\/wp-json\/wp\/v2\/users\/4"}],"replies":[{"embeddable":true,"href":"https:\/\/eldiariodesanpedro.com.ar\/sitio\/wp-json\/wp\/v2\/comments?post=114940"}],"version-history":[{"count":1,"href":"https:\/\/eldiariodesanpedro.com.ar\/sitio\/wp-json\/wp\/v2\/posts\/114940\/revisions"}],"predecessor-version":[{"id":114944,"href":"https:\/\/eldiariodesanpedro.com.ar\/sitio\/wp-json\/wp\/v2\/posts\/114940\/revisions\/114944"}],"wp:featuredmedia":[{"embeddable":true,"href":"https:\/\/eldiariodesanpedro.com.ar\/sitio\/wp-json\/wp\/v2\/media\/114941"}],"wp:attachment":[{"href":"https:\/\/eldiariodesanpedro.com.ar\/sitio\/wp-json\/wp\/v2\/media?parent=114940"}],"wp:term":[{"taxonomy":"category","embeddable":true,"href":"https:\/\/eldiariodesanpedro.com.ar\/sitio\/wp-json\/wp\/v2\/categories?post=114940"},{"taxonomy":"post_tag","embeddable":true,"href":"https:\/\/eldiariodesanpedro.com.ar\/sitio\/wp-json\/wp\/v2\/tags?post=114940"}],"curies":[{"name":"wp","href":"https:\/\/api.w.org\/{rel}","templated":true}]}}