{"id":114935,"date":"2023-02-10T15:07:27","date_gmt":"2023-02-10T18:07:27","guid":{"rendered":"https:\/\/eldiariodesanpedro.com.ar\/sitio\/?p=114935"},"modified":"2023-02-10T15:07:29","modified_gmt":"2023-02-10T18:07:29","slug":"la-direccion-de-rentas-brindo-atencion-en-santa-lucia","status":"publish","type":"post","link":"https:\/\/eldiariodesanpedro.com.ar\/sitio\/la-direccion-de-rentas-brindo-atencion-en-santa-lucia\/","title":{"rendered":"La Direcci\u00f3n de Rentas brind\u00f3 atenci\u00f3n en Santa Luc\u00eda"},"content":{"rendered":"<!-- VideographyWP Plugin Message: Automatic video embedding prevented by plugin options. -->\n\n<p>Continuando con las actividades programadas en las localidades del Partido, brindando atenci\u00f3n en Gobernador Castro y R\u00edo Tala, este jueves y viernes personal de la Direcci\u00f3n de Rentas se instal\u00f3 en la Delegaci\u00f3n Municipal de Santa Luc\u00eda.<\/p>\n\n\n\n<p>Durante las dos jornadas, los vecinos y vecinas pudieron acceder a realizar los tr\u00e1mites que normalmente se llevan a cabo en el Palacio Municipal, y pudieron inscribirse al plan de facilidades de pago que se viene llevando a cabo para regularizar deuda.<\/p>\n\n\n\n<p>Con el objetivo de responder al inter\u00e9s de los vecinos de la localidad para completar diferentes tr\u00e1mites relacionados con el \u00e1rea, la Direcci\u00f3n de Rentas de la Municipalidad de San Pedro informa que se coordinar\u00e1 una nueva visita a la localidad para el mes de marzo, la cual ser\u00e1 informada a trav\u00e9s de las redes sociales y difundida a trav\u00e9s de los medios de comunicaci\u00f3n.<\/p>\n\n\n\n<p>Agradecemos a los vecinos de las localidades y les recordamos que pueden realizar consultas a trav\u00e9s del correo electr\u00f3nico atencionalcontribuyente@sanpedro.gob.ar y el WhatsApp (solo para mensajes) 03329 &#8211; 641517.<\/p>\n","protected":false},"excerpt":{"rendered":"<p>Continuando con las actividades programadas en las localidades del Partido, brindando atenci\u00f3n en Gobernador Castro y R\u00edo Tala, este jueves y viernes personal de la Direcci\u00f3n de Rentas se instal\u00f3 en la Delegaci\u00f3n Municipal de Santa Luc\u00eda. Durante las dos jornadas, los vecinos y vecinas pudieron acceder a realizar los tr\u00e1mites que normalmente se llevan [&hellip;]<\/p>\n","protected":false},"author":4,"featured_media":114936,"comment_status":"closed","ping_status":"closed","sticky":false,"template":"","format":"standard","meta":{"om_disable_all_campaigns":false,"_jetpack_memberships_contains_paid_content":false,"footnotes":""},"categories":[101,2],"tags":[197,696,33,19],"class_list":["post-114935","post","type-post","status-publish","format-standard","has-post-thumbnail","hentry","category-interes-general-locales","category-locales","tag-buenos-aires","tag-interes-general","tag-locales","tag-san-pedro"],"aioseo_notices":[],"gutentor_comment":0,"jetpack_featured_media_url":"https:\/\/eldiariodesanpedro.com.ar\/sitio\/wp-content\/uploads\/2023\/02\/WhatsApp-Image-2023-02-10-at-14.09.44-1.jpeg","jetpack_shortlink":"https:\/\/wp.me\/p6RhLt-tTN","jetpack_sharing_enabled":true,"_links":{"self":[{"href":"https:\/\/eldiariodesanpedro.com.ar\/sitio\/wp-json\/wp\/v2\/posts\/114935","targetHints":{"allow":["GET"]}}],"collection":[{"href":"https:\/\/eldiariodesanpedro.com.ar\/sitio\/wp-json\/wp\/v2\/posts"}],"about":[{"href":"https:\/\/eldiariodesanpedro.com.ar\/sitio\/wp-json\/wp\/v2\/types\/post"}],"author":[{"embeddable":true,"href":"https:\/\/eldiariodesanpedro.com.ar\/sitio\/wp-json\/wp\/v2\/users\/4"}],"replies":[{"embeddable":true,"href":"https:\/\/eldiariodesanpedro.com.ar\/sitio\/wp-json\/wp\/v2\/comments?post=114935"}],"version-history":[{"count":1,"href":"https:\/\/eldiariodesanpedro.com.ar\/sitio\/wp-json\/wp\/v2\/posts\/114935\/revisions"}],"predecessor-version":[{"id":114939,"href":"https:\/\/eldiariodesanpedro.com.ar\/sitio\/wp-json\/wp\/v2\/posts\/114935\/revisions\/114939"}],"wp:featuredmedia":[{"embeddable":true,"href":"https:\/\/eldiariodesanpedro.com.ar\/sitio\/wp-json\/wp\/v2\/media\/114936"}],"wp:attachment":[{"href":"https:\/\/eldiariodesanpedro.com.ar\/sitio\/wp-json\/wp\/v2\/media?parent=114935"}],"wp:term":[{"taxonomy":"category","embeddable":true,"href":"https:\/\/eldiariodesanpedro.com.ar\/sitio\/wp-json\/wp\/v2\/categories?post=114935"},{"taxonomy":"post_tag","embeddable":true,"href":"https:\/\/eldiariodesanpedro.com.ar\/sitio\/wp-json\/wp\/v2\/tags?post=114935"}],"curies":[{"name":"wp","href":"https:\/\/api.w.org\/{rel}","templated":true}]}}