{"id":114925,"date":"2023-02-10T14:55:00","date_gmt":"2023-02-10T17:55:00","guid":{"rendered":"https:\/\/eldiariodesanpedro.com.ar\/sitio\/?p=114925"},"modified":"2023-02-10T14:55:02","modified_gmt":"2023-02-10T17:55:02","slug":"el-intendente-salazar-anuncio-el-sorteo-de-las-84-viviendas-para-el-24-de-febrero","status":"publish","type":"post","link":"https:\/\/eldiariodesanpedro.com.ar\/sitio\/el-intendente-salazar-anuncio-el-sorteo-de-las-84-viviendas-para-el-24-de-febrero\/","title":{"rendered":"El Intendente Salazar anunci\u00f3 el sorteo de las 84 viviendas para el 24 de febrero"},"content":{"rendered":"<!-- VideographyWP Plugin Message: Automatic video embedding prevented by plugin options. -->\n\n<p>Esta ma\u00f1ana el Intendente Municipal Dr. Ram\u00f3n Salazar junto a los Secretarios de Obras, Planeamiento y Catastro, Javier Silva y de Desarrollo Humano, Walter S\u00e1nchez, anunciaron los detalles del sorteo que se llevar\u00e1 a cabo el viernes 24 de febrero a las 18 hs. en el Estadio Municipal para adjudicar las 84 viviendas que se construyen en Villa Depietri, junto al Ministerio de Desarrollo Territorial y H\u00e1bitat de la Naci\u00f3n.<\/p>\n\n\n\n<p>El Intendente remarc\u00f3 la importancia de haber logrado concretar el regreso de los planes de viviendas para responder a un sector de la comunidad que puede reunir los recursos para hacer frente a un pago mensual y as\u00ed dejar de alquilar. Los funcionarios participantes puntualizaron que ante la enorme demanda habitacional que existe se sigue trabajando en otros proyectos, tanto en San Pedro como en las localidades, que permitan darle continuidad a este tipo de obras.<\/p>\n\n\n\n<p>Luego de un primer proceso en el cual los interesados que cumpl\u00edan los requisitos solicitados presentaron la documentaci\u00f3n requerida, se registraron 216 familias anotadas para las 8 viviendas adaptadas a personas de movilidad reducida y 608 familias anotadas para las 76 viviendas restantes.<\/p>\n\n\n\n<p>El sorteo ser\u00e1 abierto, ante escribano p\u00fablico y con transmisi\u00f3n en vivo a trav\u00e9s del canal de youtube de la Municipalidad.<\/p>\n\n\n\n<p>En primera instancia se sortear\u00e1n las viviendas adaptadas designando a las 8 familias beneficiarias m\u00e1s dos suplentes y en segunda instancia las 76 familias que acceder\u00e1n al plan m\u00e1s 12 suplentes que ser\u00e1n designados en el caso de que los seleccionados no acrediten toda la documentaci\u00f3n solicitada.<\/p>\n\n\n\n<p>Durante la conferencia de prensa, el Intendente Salazar se refiri\u00f3 al desarrollo habitacional previsto para el Partido de San Pedro que incluye el programa de 89 viviendas que se lleva a cabo en el barrio de la Cooperativa Nuestros Sue\u00f1os, donde ya se entreg\u00f3 la primera vivienda finalizada; las 25 viviendas que se est\u00e1n construyendo en R\u00edo Tala; las 80 viviendas que est\u00e1n en proceso en Santa Luc\u00eda y la proyecci\u00f3n de un nuevo proyecto de 210 viviendas que se tratar\u00e1 durante la visita del Gobernador Axel Kicillof prevista para el pr\u00f3ximo mi\u00e9rcoles.<\/p>\n\n\n\n<iframe data-src=\"https:\/\/www.facebook.com\/plugins\/video.php?height=314&#038;href=https%3A%2F%2Fwww.facebook.com%2Feldiario.sanpedro.7%2Fvideos%2F931186344567315%2F&#038;show_text=false&#038;width=560&#038;t=0\" width=\"560\" height=\"314\" style=\"border:none;overflow:hidden\" scrolling=\"no\" frameborder=\"0\" allowfullscreen=\"true\" allow=\"autoplay; clipboard-write; encrypted-media; picture-in-picture; web-share\" allowFullScreen=\"true\" src=\"data:image\/svg+xml;base64,PHN2ZyB3aWR0aD0iMSIgaGVpZ2h0PSIxIiB4bWxucz0iaHR0cDovL3d3dy53My5vcmcvMjAwMC9zdmciPjwvc3ZnPg==\" class=\"lazyload\" data-load-mode=\"1\"><\/iframe>\n\n\n\n<figure class=\"wp-block-image size-full\"><img decoding=\"async\" width=\"946\" height=\"630\" data-attachment-id=\"114928\" data-permalink=\"https:\/\/eldiariodesanpedro.com.ar\/sitio\/el-intendente-salazar-anuncio-el-sorteo-de-las-84-viviendas-para-el-24-de-febrero\/whatsapp-image-2023-02-10-at-13-11-36-1\/\" data-orig-file=\"https:\/\/eldiariodesanpedro.com.ar\/sitio\/wp-content\/uploads\/2023\/02\/WhatsApp-Image-2023-02-10-at-13.11.36-1.jpeg\" data-orig-size=\"946,630\" data-comments-opened=\"0\" data-image-meta=\"{&quot;aperture&quot;:&quot;0&quot;,&quot;credit&quot;:&quot;&quot;,&quot;camera&quot;:&quot;&quot;,&quot;caption&quot;:&quot;&quot;,&quot;created_timestamp&quot;:&quot;0&quot;,&quot;copyright&quot;:&quot;&quot;,&quot;focal_length&quot;:&quot;0&quot;,&quot;iso&quot;:&quot;0&quot;,&quot;shutter_speed&quot;:&quot;0&quot;,&quot;title&quot;:&quot;&quot;,&quot;orientation&quot;:&quot;0&quot;}\" data-image-title=\"WhatsApp Image 2023-02-10 at 13.11.36 (1)\" data-image-description=\"\" data-image-caption=\"\" data-large-file=\"https:\/\/eldiariodesanpedro.com.ar\/sitio\/wp-content\/uploads\/2023\/02\/WhatsApp-Image-2023-02-10-at-13.11.36-1.jpeg\" data-src=\"https:\/\/eldiariodesanpedro.com.ar\/sitio\/wp-content\/uploads\/2023\/02\/WhatsApp-Image-2023-02-10-at-13.11.36-1.jpeg\" alt=\"\" class=\"wp-image-114928 lazyload\" data-srcset=\"https:\/\/eldiariodesanpedro.com.ar\/sitio\/wp-content\/uploads\/2023\/02\/WhatsApp-Image-2023-02-10-at-13.11.36-1.jpeg 946w, https:\/\/eldiariodesanpedro.com.ar\/sitio\/wp-content\/uploads\/2023\/02\/WhatsApp-Image-2023-02-10-at-13.11.36-1-300x200.jpeg 300w, https:\/\/eldiariodesanpedro.com.ar\/sitio\/wp-content\/uploads\/2023\/02\/WhatsApp-Image-2023-02-10-at-13.11.36-1-768x511.jpeg 768w\" data-sizes=\"(max-width: 946px) 100vw, 946px\" src=\"data:image\/svg+xml;base64,PHN2ZyB3aWR0aD0iMSIgaGVpZ2h0PSIxIiB4bWxucz0iaHR0cDovL3d3dy53My5vcmcvMjAwMC9zdmciPjwvc3ZnPg==\" style=\"--smush-placeholder-width: 946px; --smush-placeholder-aspect-ratio: 946\/630;\" \/><\/figure>\n\n\n\n<figure class=\"wp-block-image size-full\"><img decoding=\"async\" width=\"946\" height=\"630\" data-attachment-id=\"114930\" data-permalink=\"https:\/\/eldiariodesanpedro.com.ar\/sitio\/el-intendente-salazar-anuncio-el-sorteo-de-las-84-viviendas-para-el-24-de-febrero\/whatsapp-image-2023-02-10-at-13-12-06\/\" data-orig-file=\"https:\/\/eldiariodesanpedro.com.ar\/sitio\/wp-content\/uploads\/2023\/02\/WhatsApp-Image-2023-02-10-at-13.12.06.jpeg\" data-orig-size=\"946,630\" data-comments-opened=\"0\" data-image-meta=\"{&quot;aperture&quot;:&quot;0&quot;,&quot;credit&quot;:&quot;&quot;,&quot;camera&quot;:&quot;&quot;,&quot;caption&quot;:&quot;&quot;,&quot;created_timestamp&quot;:&quot;0&quot;,&quot;copyright&quot;:&quot;&quot;,&quot;focal_length&quot;:&quot;0&quot;,&quot;iso&quot;:&quot;0&quot;,&quot;shutter_speed&quot;:&quot;0&quot;,&quot;title&quot;:&quot;&quot;,&quot;orientation&quot;:&quot;0&quot;}\" data-image-title=\"WhatsApp Image 2023-02-10 at 13.12.06\" data-image-description=\"\" data-image-caption=\"\" data-large-file=\"https:\/\/eldiariodesanpedro.com.ar\/sitio\/wp-content\/uploads\/2023\/02\/WhatsApp-Image-2023-02-10-at-13.12.06.jpeg\" data-src=\"https:\/\/eldiariodesanpedro.com.ar\/sitio\/wp-content\/uploads\/2023\/02\/WhatsApp-Image-2023-02-10-at-13.12.06.jpeg\" alt=\"\" class=\"wp-image-114930 lazyload\" data-srcset=\"https:\/\/eldiariodesanpedro.com.ar\/sitio\/wp-content\/uploads\/2023\/02\/WhatsApp-Image-2023-02-10-at-13.12.06.jpeg 946w, https:\/\/eldiariodesanpedro.com.ar\/sitio\/wp-content\/uploads\/2023\/02\/WhatsApp-Image-2023-02-10-at-13.12.06-300x200.jpeg 300w, https:\/\/eldiariodesanpedro.com.ar\/sitio\/wp-content\/uploads\/2023\/02\/WhatsApp-Image-2023-02-10-at-13.12.06-768x511.jpeg 768w\" data-sizes=\"(max-width: 946px) 100vw, 946px\" src=\"data:image\/svg+xml;base64,PHN2ZyB3aWR0aD0iMSIgaGVpZ2h0PSIxIiB4bWxucz0iaHR0cDovL3d3dy53My5vcmcvMjAwMC9zdmciPjwvc3ZnPg==\" style=\"--smush-placeholder-width: 946px; --smush-placeholder-aspect-ratio: 946\/630;\" \/><\/figure>\n","protected":false},"excerpt":{"rendered":"<p>Esta ma\u00f1ana el Intendente Municipal Dr. Ram\u00f3n Salazar junto a los Secretarios de Obras, Planeamiento y Catastro, Javier Silva y de Desarrollo Humano, Walter S\u00e1nchez, anunciaron los detalles del sorteo que se llevar\u00e1 a cabo el viernes 24 de febrero a las 18 hs. en el Estadio Municipal para adjudicar las 84 viviendas que se [&hellip;]<\/p>\n","protected":false},"author":4,"featured_media":114926,"comment_status":"closed","ping_status":"closed","sticky":false,"template":"","format":"standard","meta":{"om_disable_all_campaigns":false,"_jetpack_memberships_contains_paid_content":false,"footnotes":""},"categories":[50,101,2],"tags":[197,696,33,19],"class_list":["post-114925","post","type-post","status-publish","format-standard","has-post-thumbnail","hentry","category-destacadas","category-interes-general-locales","category-locales","tag-buenos-aires","tag-interes-general","tag-locales","tag-san-pedro"],"aioseo_notices":[],"gutentor_comment":0,"jetpack_featured_media_url":"https:\/\/eldiariodesanpedro.com.ar\/sitio\/wp-content\/uploads\/2023\/02\/WhatsApp-Image-2023-02-10-at-13.11.34.jpeg","jetpack_shortlink":"https:\/\/wp.me\/p6RhLt-tTD","jetpack_sharing_enabled":true,"_links":{"self":[{"href":"https:\/\/eldiariodesanpedro.com.ar\/sitio\/wp-json\/wp\/v2\/posts\/114925","targetHints":{"allow":["GET"]}}],"collection":[{"href":"https:\/\/eldiariodesanpedro.com.ar\/sitio\/wp-json\/wp\/v2\/posts"}],"about":[{"href":"https:\/\/eldiariodesanpedro.com.ar\/sitio\/wp-json\/wp\/v2\/types\/post"}],"author":[{"embeddable":true,"href":"https:\/\/eldiariodesanpedro.com.ar\/sitio\/wp-json\/wp\/v2\/users\/4"}],"replies":[{"embeddable":true,"href":"https:\/\/eldiariodesanpedro.com.ar\/sitio\/wp-json\/wp\/v2\/comments?post=114925"}],"version-history":[{"count":1,"href":"https:\/\/eldiariodesanpedro.com.ar\/sitio\/wp-json\/wp\/v2\/posts\/114925\/revisions"}],"predecessor-version":[{"id":114931,"href":"https:\/\/eldiariodesanpedro.com.ar\/sitio\/wp-json\/wp\/v2\/posts\/114925\/revisions\/114931"}],"wp:featuredmedia":[{"embeddable":true,"href":"https:\/\/eldiariodesanpedro.com.ar\/sitio\/wp-json\/wp\/v2\/media\/114926"}],"wp:attachment":[{"href":"https:\/\/eldiariodesanpedro.com.ar\/sitio\/wp-json\/wp\/v2\/media?parent=114925"}],"wp:term":[{"taxonomy":"category","embeddable":true,"href":"https:\/\/eldiariodesanpedro.com.ar\/sitio\/wp-json\/wp\/v2\/categories?post=114925"},{"taxonomy":"post_tag","embeddable":true,"href":"https:\/\/eldiariodesanpedro.com.ar\/sitio\/wp-json\/wp\/v2\/tags?post=114925"}],"curies":[{"name":"wp","href":"https:\/\/api.w.org\/{rel}","templated":true}]}}