{"id":114922,"date":"2023-02-10T14:27:16","date_gmt":"2023-02-10T17:27:16","guid":{"rendered":"https:\/\/eldiariodesanpedro.com.ar\/sitio\/?p=114922"},"modified":"2023-02-10T14:27:17","modified_gmt":"2023-02-10T17:27:17","slug":"vecinos-de-barrio-futuro-crearon-la-comision-de-fomento","status":"publish","type":"post","link":"https:\/\/eldiariodesanpedro.com.ar\/sitio\/vecinos-de-barrio-futuro-crearon-la-comision-de-fomento\/","title":{"rendered":"Vecinos de Barrio Futuro crearon la Comisi\u00f3n de Fomento"},"content":{"rendered":"<!-- VideographyWP Plugin Message: Automatic video embedding prevented by plugin options. -->\n\n<p>Desde la Direcci\u00f3n de Comisiones de Fomento se sigue trabajando para respaldar a los grupos que vienen funcionando desde hace tiempo y para estimular a aquellos barrios que discontinuaron o no conformaron a\u00fan su Comisi\u00f3n de Fomento, a que lo hagan.<\/p>\n\n\n\n<p>Con la participaci\u00f3n de la titular del \u00e1rea, Jimena Mari\u00f1o, este jueves se realiz\u00f3 la reuni\u00f3n para la conformaci\u00f3n de la Comisi\u00f3n Barrio Futuro. Forman parte de este grupo:<\/p>\n\n\n\n<p>Presidente: Corbal\u00e1n Mora.<br>Vicepresidente: Rodr\u00edguez Karen.<br>Secretario: Corbal\u00e1n Mar\u00eda Cristina.<br>Tesorero: Zarate Mariano.<br>Vocales: Cocuzza Romina, L\u00f3pez Ang\u00e9lica, Ortega Rosa, Flores Gladys, Rodr\u00edguez Mariana, Maneiro Micaela, Morales Mora, Kavacs Silvia, Gandulfo Ver\u00f3nica.<br>Revisor de cuentas: Maneiro Karen.<\/p>\n\n\n\n<p>Desde la Direcci\u00f3n continuar\u00e1n las reuniones en los diferentes barrios de la ciudad, planificando la continuidad del trabajo con el objetivo de escuchar a las vecinas y vecinos, dinamizar las comisiones que ya vienen funcionando y crear o reactivar las comisiones que por diferentes razones no se vienen reuniendo y a trav\u00e9s de ellas resolver las problem\u00e1ticas que afrontan los distintos barrios articulando y manteniendo permanente contacto con los funcionarios de todas las \u00e1reas.<\/p>\n","protected":false},"excerpt":{"rendered":"<p>Desde la Direcci\u00f3n de Comisiones de Fomento se sigue trabajando para respaldar a los grupos que vienen funcionando desde hace tiempo y para estimular a aquellos barrios que discontinuaron o no conformaron a\u00fan su Comisi\u00f3n de Fomento, a que lo hagan. Con la participaci\u00f3n de la titular del \u00e1rea, Jimena Mari\u00f1o, este jueves se realiz\u00f3 [&hellip;]<\/p>\n","protected":false},"author":4,"featured_media":114923,"comment_status":"closed","ping_status":"closed","sticky":false,"template":"","format":"standard","meta":{"om_disable_all_campaigns":false,"_jetpack_memberships_contains_paid_content":false,"footnotes":""},"categories":[101,2],"tags":[197,696,33,19],"class_list":["post-114922","post","type-post","status-publish","format-standard","has-post-thumbnail","hentry","category-interes-general-locales","category-locales","tag-buenos-aires","tag-interes-general","tag-locales","tag-san-pedro"],"aioseo_notices":[],"gutentor_comment":0,"jetpack_featured_media_url":"https:\/\/eldiariodesanpedro.com.ar\/sitio\/wp-content\/uploads\/2023\/02\/WhatsApp-Image-2023-02-10-at-09.11.59.jpeg","jetpack_shortlink":"https:\/\/wp.me\/p6RhLt-tTA","jetpack_sharing_enabled":true,"_links":{"self":[{"href":"https:\/\/eldiariodesanpedro.com.ar\/sitio\/wp-json\/wp\/v2\/posts\/114922","targetHints":{"allow":["GET"]}}],"collection":[{"href":"https:\/\/eldiariodesanpedro.com.ar\/sitio\/wp-json\/wp\/v2\/posts"}],"about":[{"href":"https:\/\/eldiariodesanpedro.com.ar\/sitio\/wp-json\/wp\/v2\/types\/post"}],"author":[{"embeddable":true,"href":"https:\/\/eldiariodesanpedro.com.ar\/sitio\/wp-json\/wp\/v2\/users\/4"}],"replies":[{"embeddable":true,"href":"https:\/\/eldiariodesanpedro.com.ar\/sitio\/wp-json\/wp\/v2\/comments?post=114922"}],"version-history":[{"count":1,"href":"https:\/\/eldiariodesanpedro.com.ar\/sitio\/wp-json\/wp\/v2\/posts\/114922\/revisions"}],"predecessor-version":[{"id":114924,"href":"https:\/\/eldiariodesanpedro.com.ar\/sitio\/wp-json\/wp\/v2\/posts\/114922\/revisions\/114924"}],"wp:featuredmedia":[{"embeddable":true,"href":"https:\/\/eldiariodesanpedro.com.ar\/sitio\/wp-json\/wp\/v2\/media\/114923"}],"wp:attachment":[{"href":"https:\/\/eldiariodesanpedro.com.ar\/sitio\/wp-json\/wp\/v2\/media?parent=114922"}],"wp:term":[{"taxonomy":"category","embeddable":true,"href":"https:\/\/eldiariodesanpedro.com.ar\/sitio\/wp-json\/wp\/v2\/categories?post=114922"},{"taxonomy":"post_tag","embeddable":true,"href":"https:\/\/eldiariodesanpedro.com.ar\/sitio\/wp-json\/wp\/v2\/tags?post=114922"}],"curies":[{"name":"wp","href":"https:\/\/api.w.org\/{rel}","templated":true}]}}