{"id":114920,"date":"2023-02-09T18:39:47","date_gmt":"2023-02-09T21:39:47","guid":{"rendered":"https:\/\/eldiariodesanpedro.com.ar\/sitio\/?p=114920"},"modified":"2023-02-09T18:39:49","modified_gmt":"2023-02-09T21:39:49","slug":"coopser-informa-el-corte-de-suministro-electrico-manana-por-la-manana","status":"publish","type":"post","link":"https:\/\/eldiariodesanpedro.com.ar\/sitio\/coopser-informa-el-corte-de-suministro-electrico-manana-por-la-manana\/","title":{"rendered":"Coopser informa el corte de suministro el\u00e9ctrico ma\u00f1ana por la ma\u00f1ana"},"content":{"rendered":"<!-- VideographyWP Plugin Message: Automatic video embedding prevented by plugin options. -->\n\n<p><strong>Para este viernes 10 de febrero se informa el corte de suministro el\u00e9ctrico por tareas de mantenimiento<\/strong><\/p>\n\n\n\n<p>El mismo se realizar\u00e1 desde las 7:30 a 10:30 hs en la zona comprendida entre Lucio Mansilla del 6000 (La Revancha) al 7300. Callej\u00f3n Betti y Callej\u00f3n Ferioli.<\/p>\n\n\n\n<p><strong>En caso de mal tiempo ser\u00e1 reprogramado.<\/strong><\/p>\n","protected":false},"excerpt":{"rendered":"<p>Para este viernes 10 de febrero se informa el corte de suministro el\u00e9ctrico por tareas de mantenimiento El mismo se realizar\u00e1 desde las 7:30 a 10:30 hs en la zona comprendida entre Lucio Mansilla del 6000 (La Revancha) al 7300. Callej\u00f3n Betti y Callej\u00f3n Ferioli. En caso de mal tiempo ser\u00e1 reprogramado.<\/p>\n","protected":false},"author":4,"featured_media":68312,"comment_status":"closed","ping_status":"closed","sticky":false,"template":"","format":"standard","meta":{"om_disable_all_campaigns":false,"_jetpack_memberships_contains_paid_content":false,"footnotes":""},"categories":[101,2],"tags":[197,696,33,19],"class_list":["post-114920","post","type-post","status-publish","format-standard","has-post-thumbnail","hentry","category-interes-general-locales","category-locales","tag-buenos-aires","tag-interes-general","tag-locales","tag-san-pedro"],"aioseo_notices":[],"gutentor_comment":0,"jetpack_featured_media_url":"https:\/\/eldiariodesanpedro.com.ar\/sitio\/wp-content\/uploads\/2020\/02\/coopser1.png","jetpack_shortlink":"https:\/\/wp.me\/p6RhLt-tTy","jetpack_sharing_enabled":true,"_links":{"self":[{"href":"https:\/\/eldiariodesanpedro.com.ar\/sitio\/wp-json\/wp\/v2\/posts\/114920","targetHints":{"allow":["GET"]}}],"collection":[{"href":"https:\/\/eldiariodesanpedro.com.ar\/sitio\/wp-json\/wp\/v2\/posts"}],"about":[{"href":"https:\/\/eldiariodesanpedro.com.ar\/sitio\/wp-json\/wp\/v2\/types\/post"}],"author":[{"embeddable":true,"href":"https:\/\/eldiariodesanpedro.com.ar\/sitio\/wp-json\/wp\/v2\/users\/4"}],"replies":[{"embeddable":true,"href":"https:\/\/eldiariodesanpedro.com.ar\/sitio\/wp-json\/wp\/v2\/comments?post=114920"}],"version-history":[{"count":1,"href":"https:\/\/eldiariodesanpedro.com.ar\/sitio\/wp-json\/wp\/v2\/posts\/114920\/revisions"}],"predecessor-version":[{"id":114921,"href":"https:\/\/eldiariodesanpedro.com.ar\/sitio\/wp-json\/wp\/v2\/posts\/114920\/revisions\/114921"}],"wp:featuredmedia":[{"embeddable":true,"href":"https:\/\/eldiariodesanpedro.com.ar\/sitio\/wp-json\/wp\/v2\/media\/68312"}],"wp:attachment":[{"href":"https:\/\/eldiariodesanpedro.com.ar\/sitio\/wp-json\/wp\/v2\/media?parent=114920"}],"wp:term":[{"taxonomy":"category","embeddable":true,"href":"https:\/\/eldiariodesanpedro.com.ar\/sitio\/wp-json\/wp\/v2\/categories?post=114920"},{"taxonomy":"post_tag","embeddable":true,"href":"https:\/\/eldiariodesanpedro.com.ar\/sitio\/wp-json\/wp\/v2\/tags?post=114920"}],"curies":[{"name":"wp","href":"https:\/\/api.w.org\/{rel}","templated":true}]}}