{"id":114917,"date":"2023-02-09T18:19:44","date_gmt":"2023-02-09T21:19:44","guid":{"rendered":"https:\/\/eldiariodesanpedro.com.ar\/sitio\/?p=114917"},"modified":"2023-02-09T18:19:46","modified_gmt":"2023-02-09T21:19:46","slug":"un-fosil-del-museo-paleontologico-en-un-articulo-sobre-la-historia-de-los-canidos-sudamericanos","status":"publish","type":"post","link":"https:\/\/eldiariodesanpedro.com.ar\/sitio\/un-fosil-del-museo-paleontologico-en-un-articulo-sobre-la-historia-de-los-canidos-sudamericanos\/","title":{"rendered":"Un f\u00f3sil del Museo Paleontol\u00f3gico en un art\u00edculo sobre la historia de los C\u00e1nidos Sudamericanos"},"content":{"rendered":"<!-- VideographyWP Plugin Message: Automatic video embedding prevented by plugin options. -->\n\n<p>El ejemplar de c\u00e1nido f\u00f3sil o perro salvaje prehist\u00f3rico hallado por el equipo del Museo Paleontol\u00f3gico de San Pedro fue inclu\u00eddo en un art\u00edculo de la prestigiosa revista&nbsp;<strong>Ciencia Hoy<\/strong>, en su N\u00famero 182, Vol\u00famen 31.<\/p>\n\n\n\n<p>El trabajo, escrito por uno de los mayores especialistas en c\u00e1nidos del hemisferio sur, el&nbsp;<strong>Dr. Francisco Prevosti<\/strong>, hace un repaso por la historia de los perros en nuestro continente, desde su llegada desde Am\u00e9rica del Norte, hasta la actualidad, pasando por las formas f\u00f3siles m\u00e1s representativas de esa familia de carn\u00edvoros.<\/p>\n\n\n\n<p>Prevosti es Investigador Principal de CONICET y profesor adjunto en la Universidad de La Rioja. Posee una vasta trayectoria en el estudio de los carn\u00edvoros f\u00f3siles.<\/p>\n\n\n\n<p>En la publicaci\u00f3n, se incluy\u00f3&nbsp;al ejemplar de&nbsp;<strong><em>Theriodictis platensis<\/em><\/strong>&nbsp;hallado por el grupo del Museo Paleontol\u00f3gico en octubre de 2000, en las afueras de la localidad de R\u00edo Tala, partido de San Pedro.<\/p>\n\n\n\n<p>El animal, un perro salvaje de unos 40 kilogramos, es uno de los espec\u00edmenes&nbsp;f\u00f3siles m\u00e1s completos hallados hasta el momento en nuestro pa\u00eds y uno de los f\u00f3siles m\u00e1s&nbsp;importantes de la colecci\u00f3n del museo de San Pedro.<\/p>\n","protected":false},"excerpt":{"rendered":"<p>El ejemplar de c\u00e1nido f\u00f3sil o perro salvaje prehist\u00f3rico hallado por el equipo del Museo Paleontol\u00f3gico de San Pedro fue inclu\u00eddo en un art\u00edculo de la prestigiosa revista&nbsp;Ciencia Hoy, en su N\u00famero 182, Vol\u00famen 31. El trabajo, escrito por uno de los mayores especialistas en c\u00e1nidos del hemisferio sur, el&nbsp;Dr. Francisco Prevosti, hace un repaso [&hellip;]<\/p>\n","protected":false},"author":4,"featured_media":114918,"comment_status":"closed","ping_status":"closed","sticky":false,"template":"","format":"standard","meta":{"om_disable_all_campaigns":false,"_jetpack_memberships_contains_paid_content":false,"footnotes":""},"categories":[101,2],"tags":[197,696,33,19],"class_list":["post-114917","post","type-post","status-publish","format-standard","has-post-thumbnail","hentry","category-interes-general-locales","category-locales","tag-buenos-aires","tag-interes-general","tag-locales","tag-san-pedro"],"aioseo_notices":[],"gutentor_comment":0,"jetpack_featured_media_url":"https:\/\/eldiariodesanpedro.com.ar\/sitio\/wp-content\/uploads\/2023\/02\/Theriodictis-Canido-fosil.jpg","jetpack_shortlink":"https:\/\/wp.me\/p6RhLt-tTv","jetpack_sharing_enabled":true,"_links":{"self":[{"href":"https:\/\/eldiariodesanpedro.com.ar\/sitio\/wp-json\/wp\/v2\/posts\/114917","targetHints":{"allow":["GET"]}}],"collection":[{"href":"https:\/\/eldiariodesanpedro.com.ar\/sitio\/wp-json\/wp\/v2\/posts"}],"about":[{"href":"https:\/\/eldiariodesanpedro.com.ar\/sitio\/wp-json\/wp\/v2\/types\/post"}],"author":[{"embeddable":true,"href":"https:\/\/eldiariodesanpedro.com.ar\/sitio\/wp-json\/wp\/v2\/users\/4"}],"replies":[{"embeddable":true,"href":"https:\/\/eldiariodesanpedro.com.ar\/sitio\/wp-json\/wp\/v2\/comments?post=114917"}],"version-history":[{"count":1,"href":"https:\/\/eldiariodesanpedro.com.ar\/sitio\/wp-json\/wp\/v2\/posts\/114917\/revisions"}],"predecessor-version":[{"id":114919,"href":"https:\/\/eldiariodesanpedro.com.ar\/sitio\/wp-json\/wp\/v2\/posts\/114917\/revisions\/114919"}],"wp:featuredmedia":[{"embeddable":true,"href":"https:\/\/eldiariodesanpedro.com.ar\/sitio\/wp-json\/wp\/v2\/media\/114918"}],"wp:attachment":[{"href":"https:\/\/eldiariodesanpedro.com.ar\/sitio\/wp-json\/wp\/v2\/media?parent=114917"}],"wp:term":[{"taxonomy":"category","embeddable":true,"href":"https:\/\/eldiariodesanpedro.com.ar\/sitio\/wp-json\/wp\/v2\/categories?post=114917"},{"taxonomy":"post_tag","embeddable":true,"href":"https:\/\/eldiariodesanpedro.com.ar\/sitio\/wp-json\/wp\/v2\/tags?post=114917"}],"curies":[{"name":"wp","href":"https:\/\/api.w.org\/{rel}","templated":true}]}}