{"id":114903,"date":"2023-02-09T17:40:39","date_gmt":"2023-02-09T20:40:39","guid":{"rendered":"https:\/\/eldiariodesanpedro.com.ar\/sitio\/?p=114903"},"modified":"2023-02-09T17:40:41","modified_gmt":"2023-02-09T20:40:41","slug":"tareas-de-saneamiento-en-barrio-parque-mitre","status":"publish","type":"post","link":"https:\/\/eldiariodesanpedro.com.ar\/sitio\/tareas-de-saneamiento-en-barrio-parque-mitre\/","title":{"rendered":"Tareas de saneamiento en barrio Parque Mitre"},"content":{"rendered":"<!-- VideographyWP Plugin Message: Automatic video embedding prevented by plugin options. -->\n\n<p>Personal de la Secretar\u00eda de Servicios P\u00fablicos llev\u00f3 a cabo durante los \u00faltimos d\u00edas tareas de saneamiento en desag\u00fces y cunetas en el barrio Parque Mitre.<\/p>\n\n\n\n<p>Recordando la importancia de mantener terrenos y zonas comunes limpios para evitar anegamiento se solicita a los vecinos la colaboraci\u00f3n, evitando este tipo de acciones que perjudican a toda la comunidad.<\/p>\n\n\n\n<figure class=\"wp-block-image size-full\"><img decoding=\"async\" width=\"283\" height=\"630\" data-attachment-id=\"114905\" data-permalink=\"https:\/\/eldiariodesanpedro.com.ar\/sitio\/tareas-de-saneamiento-en-barrio-parque-mitre\/whatsapp-image-2023-02-09-at-09-51-56\/\" data-orig-file=\"https:\/\/eldiariodesanpedro.com.ar\/sitio\/wp-content\/uploads\/2023\/02\/WhatsApp-Image-2023-02-09-at-09.51.56.jpeg\" data-orig-size=\"283,630\" data-comments-opened=\"0\" data-image-meta=\"{&quot;aperture&quot;:&quot;0&quot;,&quot;credit&quot;:&quot;&quot;,&quot;camera&quot;:&quot;&quot;,&quot;caption&quot;:&quot;&quot;,&quot;created_timestamp&quot;:&quot;0&quot;,&quot;copyright&quot;:&quot;&quot;,&quot;focal_length&quot;:&quot;0&quot;,&quot;iso&quot;:&quot;0&quot;,&quot;shutter_speed&quot;:&quot;0&quot;,&quot;title&quot;:&quot;&quot;,&quot;orientation&quot;:&quot;0&quot;}\" data-image-title=\"WhatsApp Image 2023-02-09 at 09.51.56\" data-image-description=\"\" data-image-caption=\"\" data-large-file=\"https:\/\/eldiariodesanpedro.com.ar\/sitio\/wp-content\/uploads\/2023\/02\/WhatsApp-Image-2023-02-09-at-09.51.56.jpeg\" data-src=\"https:\/\/eldiariodesanpedro.com.ar\/sitio\/wp-content\/uploads\/2023\/02\/WhatsApp-Image-2023-02-09-at-09.51.56.jpeg\" alt=\"\" class=\"wp-image-114905 lazyload\" data-srcset=\"https:\/\/eldiariodesanpedro.com.ar\/sitio\/wp-content\/uploads\/2023\/02\/WhatsApp-Image-2023-02-09-at-09.51.56.jpeg 283w, https:\/\/eldiariodesanpedro.com.ar\/sitio\/wp-content\/uploads\/2023\/02\/WhatsApp-Image-2023-02-09-at-09.51.56-135x300.jpeg 135w\" data-sizes=\"(max-width: 283px) 100vw, 283px\" src=\"data:image\/svg+xml;base64,PHN2ZyB3aWR0aD0iMSIgaGVpZ2h0PSIxIiB4bWxucz0iaHR0cDovL3d3dy53My5vcmcvMjAwMC9zdmciPjwvc3ZnPg==\" style=\"--smush-placeholder-width: 283px; --smush-placeholder-aspect-ratio: 283\/630;\" \/><\/figure>\n","protected":false},"excerpt":{"rendered":"<p>Personal de la Secretar\u00eda de Servicios P\u00fablicos llev\u00f3 a cabo durante los \u00faltimos d\u00edas tareas de saneamiento en desag\u00fces y cunetas en el barrio Parque Mitre. Recordando la importancia de mantener terrenos y zonas comunes limpios para evitar anegamiento se solicita a los vecinos la colaboraci\u00f3n, evitando este tipo de acciones que perjudican a toda [&hellip;]<\/p>\n","protected":false},"author":4,"featured_media":114904,"comment_status":"closed","ping_status":"closed","sticky":false,"template":"","format":"standard","meta":{"om_disable_all_campaigns":false,"_jetpack_memberships_contains_paid_content":false,"footnotes":""},"categories":[101,2],"tags":[197,696,33,19],"class_list":["post-114903","post","type-post","status-publish","format-standard","has-post-thumbnail","hentry","category-interes-general-locales","category-locales","tag-buenos-aires","tag-interes-general","tag-locales","tag-san-pedro"],"aioseo_notices":[],"gutentor_comment":0,"jetpack_featured_media_url":"https:\/\/eldiariodesanpedro.com.ar\/sitio\/wp-content\/uploads\/2023\/02\/WhatsApp-Image-2023-02-09-at-09.51.57.jpeg","jetpack_shortlink":"https:\/\/wp.me\/p6RhLt-tTh","jetpack_sharing_enabled":true,"_links":{"self":[{"href":"https:\/\/eldiariodesanpedro.com.ar\/sitio\/wp-json\/wp\/v2\/posts\/114903","targetHints":{"allow":["GET"]}}],"collection":[{"href":"https:\/\/eldiariodesanpedro.com.ar\/sitio\/wp-json\/wp\/v2\/posts"}],"about":[{"href":"https:\/\/eldiariodesanpedro.com.ar\/sitio\/wp-json\/wp\/v2\/types\/post"}],"author":[{"embeddable":true,"href":"https:\/\/eldiariodesanpedro.com.ar\/sitio\/wp-json\/wp\/v2\/users\/4"}],"replies":[{"embeddable":true,"href":"https:\/\/eldiariodesanpedro.com.ar\/sitio\/wp-json\/wp\/v2\/comments?post=114903"}],"version-history":[{"count":1,"href":"https:\/\/eldiariodesanpedro.com.ar\/sitio\/wp-json\/wp\/v2\/posts\/114903\/revisions"}],"predecessor-version":[{"id":114906,"href":"https:\/\/eldiariodesanpedro.com.ar\/sitio\/wp-json\/wp\/v2\/posts\/114903\/revisions\/114906"}],"wp:featuredmedia":[{"embeddable":true,"href":"https:\/\/eldiariodesanpedro.com.ar\/sitio\/wp-json\/wp\/v2\/media\/114904"}],"wp:attachment":[{"href":"https:\/\/eldiariodesanpedro.com.ar\/sitio\/wp-json\/wp\/v2\/media?parent=114903"}],"wp:term":[{"taxonomy":"category","embeddable":true,"href":"https:\/\/eldiariodesanpedro.com.ar\/sitio\/wp-json\/wp\/v2\/categories?post=114903"},{"taxonomy":"post_tag","embeddable":true,"href":"https:\/\/eldiariodesanpedro.com.ar\/sitio\/wp-json\/wp\/v2\/tags?post=114903"}],"curies":[{"name":"wp","href":"https:\/\/api.w.org\/{rel}","templated":true}]}}