{"id":114883,"date":"2023-02-09T15:35:37","date_gmt":"2023-02-09T18:35:37","guid":{"rendered":"https:\/\/eldiariodesanpedro.com.ar\/sitio\/?p=114883"},"modified":"2023-02-09T15:35:38","modified_gmt":"2023-02-09T18:35:38","slug":"ultimos-dias-del-100-de-quita-de-interes-sobre-deudas-de-tasas-municipales","status":"publish","type":"post","link":"https:\/\/eldiariodesanpedro.com.ar\/sitio\/ultimos-dias-del-100-de-quita-de-interes-sobre-deudas-de-tasas-municipales\/","title":{"rendered":"\u00daltimos d\u00edas del 100% de quita de inter\u00e9s sobre deudas de tasas municipales"},"content":{"rendered":"<!-- VideographyWP Plugin Message: Automatic video embedding prevented by plugin options. -->\n\n<p>La Direcci\u00f3n de Rentas de la Municipalidad de San Pedro reitera que se encuentra disponible, por tiempo limitado, un plan de facilidades para regularizar las tasas de Alumbrado Barrido y Limpieza, Servicios Sanitarios, Red Vial, Seguridad e Higiene y Publicidad y Propaganda.<\/p>\n\n\n\n<p>En las oficinas de Pellegrini 150, de lunes a viernes de 8 a 13 pueden gestionarse los planes con quita total de intereses para pagos al contado o financiaci\u00f3n hasta en 24 cuotas. Quienes suscriban sus convenios hasta el 20 de febrero, cuentan con mayores beneficios.<\/p>\n\n\n\n<p>Se recuerda adem\u00e1s que este jueves y viernes, representantes del \u00e1rea brindar\u00e1n atenci\u00f3n al p\u00fablico en la Delegaci\u00f3n Municipal de Santa Luc\u00eda en el horario de 9.00 a 13.00.<\/p>\n\n\n\n<p>Durante la jornada se podr\u00e1n inscribir al plan de facilidades de pago, se realizar\u00e1 reempadronamientos, informes de deudas, comercio, comunicaci\u00f3n e informes de todos los tr\u00e1mites que se pueden realizar desde la Direcci\u00f3n.<\/p>\n","protected":false},"excerpt":{"rendered":"<p>La Direcci\u00f3n de Rentas de la Municipalidad de San Pedro reitera que se encuentra disponible, por tiempo limitado, un plan de facilidades para regularizar las tasas de Alumbrado Barrido y Limpieza, Servicios Sanitarios, Red Vial, Seguridad e Higiene y Publicidad y Propaganda. En las oficinas de Pellegrini 150, de lunes a viernes de 8 a [&hellip;]<\/p>\n","protected":false},"author":4,"featured_media":102760,"comment_status":"closed","ping_status":"closed","sticky":false,"template":"","format":"standard","meta":{"om_disable_all_campaigns":false,"_jetpack_memberships_contains_paid_content":false,"footnotes":""},"categories":[101,2],"tags":[197,696,33,19],"class_list":["post-114883","post","type-post","status-publish","format-standard","has-post-thumbnail","hentry","category-interes-general-locales","category-locales","tag-buenos-aires","tag-interes-general","tag-locales","tag-san-pedro"],"aioseo_notices":[],"gutentor_comment":0,"jetpack_featured_media_url":"https:\/\/eldiariodesanpedro.com.ar\/sitio\/wp-content\/uploads\/2022\/01\/Municipalidad-e1422657513131.jpg","jetpack_shortlink":"https:\/\/wp.me\/p6RhLt-tSX","jetpack_sharing_enabled":true,"_links":{"self":[{"href":"https:\/\/eldiariodesanpedro.com.ar\/sitio\/wp-json\/wp\/v2\/posts\/114883","targetHints":{"allow":["GET"]}}],"collection":[{"href":"https:\/\/eldiariodesanpedro.com.ar\/sitio\/wp-json\/wp\/v2\/posts"}],"about":[{"href":"https:\/\/eldiariodesanpedro.com.ar\/sitio\/wp-json\/wp\/v2\/types\/post"}],"author":[{"embeddable":true,"href":"https:\/\/eldiariodesanpedro.com.ar\/sitio\/wp-json\/wp\/v2\/users\/4"}],"replies":[{"embeddable":true,"href":"https:\/\/eldiariodesanpedro.com.ar\/sitio\/wp-json\/wp\/v2\/comments?post=114883"}],"version-history":[{"count":1,"href":"https:\/\/eldiariodesanpedro.com.ar\/sitio\/wp-json\/wp\/v2\/posts\/114883\/revisions"}],"predecessor-version":[{"id":114884,"href":"https:\/\/eldiariodesanpedro.com.ar\/sitio\/wp-json\/wp\/v2\/posts\/114883\/revisions\/114884"}],"wp:featuredmedia":[{"embeddable":true,"href":"https:\/\/eldiariodesanpedro.com.ar\/sitio\/wp-json\/wp\/v2\/media\/102760"}],"wp:attachment":[{"href":"https:\/\/eldiariodesanpedro.com.ar\/sitio\/wp-json\/wp\/v2\/media?parent=114883"}],"wp:term":[{"taxonomy":"category","embeddable":true,"href":"https:\/\/eldiariodesanpedro.com.ar\/sitio\/wp-json\/wp\/v2\/categories?post=114883"},{"taxonomy":"post_tag","embeddable":true,"href":"https:\/\/eldiariodesanpedro.com.ar\/sitio\/wp-json\/wp\/v2\/tags?post=114883"}],"curies":[{"name":"wp","href":"https:\/\/api.w.org\/{rel}","templated":true}]}}