{"id":114864,"date":"2023-02-09T14:42:16","date_gmt":"2023-02-09T17:42:16","guid":{"rendered":"https:\/\/eldiariodesanpedro.com.ar\/sitio\/?p=114864"},"modified":"2023-02-09T14:50:33","modified_gmt":"2023-02-09T17:50:33","slug":"jose-miguel-guidi-y-jorge-eduardo-perez-fueron-elegidos-presidente-y-vice-del-circulo-de-periodistas-deportivos-de-san-pedro","status":"publish","type":"post","link":"https:\/\/eldiariodesanpedro.com.ar\/sitio\/jose-miguel-guidi-y-jorge-eduardo-perez-fueron-elegidos-presidente-y-vice-del-circulo-de-periodistas-deportivos-de-san-pedro\/","title":{"rendered":"Jos\u00e9 Miguel G\u00fcidi y Jorge Eduardo P\u00e9rez fueron elegidos Presidente y Vice del C\u00edrculo de Periodistas Deportivos de San Pedro"},"content":{"rendered":"<!-- VideographyWP Plugin Message: Automatic video embedding prevented by plugin options. -->\n\n<p>El pasado martes, tal como estaba estipulado, el CPDSP realiz\u00f3 la Asamblea Ordinaria, donde por el periodo 2023 tendr\u00e1 como titular a los nombrados. Debido a extrav\u00edo de documentaci\u00f3n, y con la colaboraci\u00f3n de los socios Adri\u00e1n Macenet y el Contador Mat\u00edas Chaves, el C\u00edrculo est\u00e1 en la etapa final de normalizaci\u00f3n ante Personas Jur\u00eddicas (DPPJ), por ello en la reciente asamblea s\u00f3lo pudieron ser parte los socios fundadores.<\/p>\n\n\n\n<p>El primer paso fue realizar una asamblea de socios auto convocados, luego DPPJ reconoci\u00f3 la Comisi\u00f3n Normalizadora y se rubricaron todos los libros.<\/p>\n\n\n\n<p>La \u00faltima etapa fue convocar la asamblea, que con presencia masiva de socios fundadores se conform\u00f3 la CD. Una vez finalizado el tr\u00e1mite, presentando la documentaci\u00f3n en DPPJ, el total de socios ya podr\u00e1 ser parte de las decisiones del C\u00edrculo. En consecuencia la Comisi\u00f3n Directiva qued\u00f3 conformada de la siguiente manera:<\/p>\n\n\n\n<p>Presidente: Prof. Jos\u00e9 Miguel G\u00fcidi<br>Vicepresidente: Jorge Eduardo P\u00e9rez<br>Secretario: Cdor. Mat\u00edas Rafael Chaves<br>Tesorero: Rom\u00e1n Manuel Baca<br>Vocales titulares: Alejandro E. Arnelli, Mart\u00edn P\u00e9rez.<br>Vocales suplentes: Dante Javier Baca, H\u00e9ctor Abel Albano.<br>Revisores de cuenta titulares: Lucas Rodr\u00edguez, Jorge Alberto Bolla y Sebasti\u00e1n Gir\u00e1ndola.<br>Revisores de cuenta suplente: V\u00edctor Damianovich.<\/p>\n","protected":false},"excerpt":{"rendered":"<p>El pasado martes, tal como estaba estipulado, el CPDSP realiz\u00f3 la Asamblea Ordinaria, donde por el periodo 2023 tendr\u00e1 como titular a los nombrados. Debido a extrav\u00edo de documentaci\u00f3n, y con la colaboraci\u00f3n de los socios Adri\u00e1n Macenet y el Contador Mat\u00edas Chaves, el C\u00edrculo est\u00e1 en la etapa final de normalizaci\u00f3n ante Personas Jur\u00eddicas [&hellip;]<\/p>\n","protected":false},"author":4,"featured_media":114871,"comment_status":"closed","ping_status":"closed","sticky":false,"template":"","format":"standard","meta":{"om_disable_all_campaigns":false,"_jetpack_memberships_contains_paid_content":false,"footnotes":""},"categories":[2,103],"tags":[197,33,95,19],"class_list":["post-114864","post","type-post","status-publish","format-standard","has-post-thumbnail","hentry","category-locales","category-policiales-locales","tag-buenos-aires","tag-locales","tag-policiales","tag-san-pedro"],"aioseo_notices":[],"gutentor_comment":0,"jetpack_featured_media_url":"https:\/\/eldiariodesanpedro.com.ar\/sitio\/wp-content\/uploads\/2023\/02\/Circulo-de-Periodistas-Deportivos.jpg","jetpack_shortlink":"https:\/\/wp.me\/p6RhLt-tSE","jetpack_sharing_enabled":true,"_links":{"self":[{"href":"https:\/\/eldiariodesanpedro.com.ar\/sitio\/wp-json\/wp\/v2\/posts\/114864","targetHints":{"allow":["GET"]}}],"collection":[{"href":"https:\/\/eldiariodesanpedro.com.ar\/sitio\/wp-json\/wp\/v2\/posts"}],"about":[{"href":"https:\/\/eldiariodesanpedro.com.ar\/sitio\/wp-json\/wp\/v2\/types\/post"}],"author":[{"embeddable":true,"href":"https:\/\/eldiariodesanpedro.com.ar\/sitio\/wp-json\/wp\/v2\/users\/4"}],"replies":[{"embeddable":true,"href":"https:\/\/eldiariodesanpedro.com.ar\/sitio\/wp-json\/wp\/v2\/comments?post=114864"}],"version-history":[{"count":1,"href":"https:\/\/eldiariodesanpedro.com.ar\/sitio\/wp-json\/wp\/v2\/posts\/114864\/revisions"}],"predecessor-version":[{"id":114872,"href":"https:\/\/eldiariodesanpedro.com.ar\/sitio\/wp-json\/wp\/v2\/posts\/114864\/revisions\/114872"}],"wp:featuredmedia":[{"embeddable":true,"href":"https:\/\/eldiariodesanpedro.com.ar\/sitio\/wp-json\/wp\/v2\/media\/114871"}],"wp:attachment":[{"href":"https:\/\/eldiariodesanpedro.com.ar\/sitio\/wp-json\/wp\/v2\/media?parent=114864"}],"wp:term":[{"taxonomy":"category","embeddable":true,"href":"https:\/\/eldiariodesanpedro.com.ar\/sitio\/wp-json\/wp\/v2\/categories?post=114864"},{"taxonomy":"post_tag","embeddable":true,"href":"https:\/\/eldiariodesanpedro.com.ar\/sitio\/wp-json\/wp\/v2\/tags?post=114864"}],"curies":[{"name":"wp","href":"https:\/\/api.w.org\/{rel}","templated":true}]}}