{"id":114835,"date":"2023-02-08T12:01:34","date_gmt":"2023-02-08T15:01:34","guid":{"rendered":"https:\/\/eldiariodesanpedro.com.ar\/sitio\/?p=114835"},"modified":"2023-02-08T12:01:36","modified_gmt":"2023-02-08T15:01:36","slug":"creditos-de-bapro-para-los-productoras-y-productores-agropecuarios-debido-a-la-sequia","status":"publish","type":"post","link":"https:\/\/eldiariodesanpedro.com.ar\/sitio\/creditos-de-bapro-para-los-productoras-y-productores-agropecuarios-debido-a-la-sequia\/","title":{"rendered":"Cr\u00e9ditos de Bapro para los productoras y productores agropecuarios debido a la sequia"},"content":{"rendered":"<!-- VideographyWP Plugin Message: Automatic video embedding prevented by plugin options. -->\n\n<p>Destinatarios: productoras y productores agropecuarios categorizados como Micro, Peque\u00f1as o Medianas Tramo I, cuyos predios se encuentren en el \u00e1mbito de la provincia de Buenos Aires, sus explotaciones de hasta 500 hect\u00e1reas se encuentren afectadas por sequ\u00eda (de acuerdo a las actas de CEDABA) y que registren situaci\u00f3n \u2018normal\u2019 en el sistema financiero. (Exclusiones: clientes alcanzados por la Comunicaci\u00f3n \u201c A\u201d 7600 del BCRA.)<\/p>\n\n\n\n<p>Destino del instrumento: Incremento y\/o recomposici\u00f3n de capital de trabajo, confecci\u00f3n y adquisici\u00f3n de reservas forrajeras, y gastos de evoluci\u00f3n &#8211; administraci\u00f3n.<\/p>\n\n\n\n<p>Monto a otorgar: hasta $10.000.000<\/p>\n\n\n\n<p>Plazo: 36 meses con un per\u00edodo de gracia de hasta 6 meses para el pago de capital. Pr\u00e9stamo amortizable a inter\u00e9s vencido, con periodicidad de pago mensual, trimestral o semestral, y sistema alem\u00e1n.<\/p>\n\n\n\n<p>Tasa de inter\u00e9s: 47% anual fija.<\/p>\n\n\n\n<p>Garant\u00eda: a satisfacci\u00f3n del banco, con garant\u00eda FOGABA en caso de ser necesario.<\/p>\n\n\n\n<p>Vigencia: hasta el 31 de marzo de 2023<\/p>\n\n\n\n<p>Para m\u00e1s informaci\u00f3n o asesoramiento comunicarse a fondo.desarrolloagrario.PEM@mda.gba.gob.ar<\/p>\n\n\n\n<p>Ante dudas o consultas pueden comunicarse por WhatsApp al 3329648530 de lunes a viernes en el horario de 8 a 14.<\/p>\n","protected":false},"excerpt":{"rendered":"<p>Destinatarios: productoras y productores agropecuarios categorizados como Micro, Peque\u00f1as o Medianas Tramo I, cuyos predios se encuentren en el \u00e1mbito de la provincia de Buenos Aires, sus explotaciones de hasta 500 hect\u00e1reas se encuentren afectadas por sequ\u00eda (de acuerdo a las actas de CEDABA) y que registren situaci\u00f3n \u2018normal\u2019 en el sistema financiero. (Exclusiones: clientes [&hellip;]<\/p>\n","protected":false},"author":4,"featured_media":112439,"comment_status":"closed","ping_status":"closed","sticky":false,"template":"","format":"standard","meta":{"om_disable_all_campaigns":false,"_jetpack_memberships_contains_paid_content":false,"footnotes":""},"categories":[101,2],"tags":[197,696,33,19],"class_list":["post-114835","post","type-post","status-publish","format-standard","has-post-thumbnail","hentry","category-interes-general-locales","category-locales","tag-buenos-aires","tag-interes-general","tag-locales","tag-san-pedro"],"aioseo_notices":[],"gutentor_comment":0,"jetpack_featured_media_url":"https:\/\/eldiariodesanpedro.com.ar\/sitio\/wp-content\/uploads\/2022\/11\/sequia-emergencia-agropecuaria-1536x896-800x496-1.jpg","jetpack_shortlink":"https:\/\/wp.me\/p6RhLt-tSb","jetpack_sharing_enabled":true,"_links":{"self":[{"href":"https:\/\/eldiariodesanpedro.com.ar\/sitio\/wp-json\/wp\/v2\/posts\/114835","targetHints":{"allow":["GET"]}}],"collection":[{"href":"https:\/\/eldiariodesanpedro.com.ar\/sitio\/wp-json\/wp\/v2\/posts"}],"about":[{"href":"https:\/\/eldiariodesanpedro.com.ar\/sitio\/wp-json\/wp\/v2\/types\/post"}],"author":[{"embeddable":true,"href":"https:\/\/eldiariodesanpedro.com.ar\/sitio\/wp-json\/wp\/v2\/users\/4"}],"replies":[{"embeddable":true,"href":"https:\/\/eldiariodesanpedro.com.ar\/sitio\/wp-json\/wp\/v2\/comments?post=114835"}],"version-history":[{"count":1,"href":"https:\/\/eldiariodesanpedro.com.ar\/sitio\/wp-json\/wp\/v2\/posts\/114835\/revisions"}],"predecessor-version":[{"id":114836,"href":"https:\/\/eldiariodesanpedro.com.ar\/sitio\/wp-json\/wp\/v2\/posts\/114835\/revisions\/114836"}],"wp:featuredmedia":[{"embeddable":true,"href":"https:\/\/eldiariodesanpedro.com.ar\/sitio\/wp-json\/wp\/v2\/media\/112439"}],"wp:attachment":[{"href":"https:\/\/eldiariodesanpedro.com.ar\/sitio\/wp-json\/wp\/v2\/media?parent=114835"}],"wp:term":[{"taxonomy":"category","embeddable":true,"href":"https:\/\/eldiariodesanpedro.com.ar\/sitio\/wp-json\/wp\/v2\/categories?post=114835"},{"taxonomy":"post_tag","embeddable":true,"href":"https:\/\/eldiariodesanpedro.com.ar\/sitio\/wp-json\/wp\/v2\/tags?post=114835"}],"curies":[{"name":"wp","href":"https:\/\/api.w.org\/{rel}","templated":true}]}}