{"id":114832,"date":"2023-02-08T11:58:49","date_gmt":"2023-02-08T14:58:49","guid":{"rendered":"https:\/\/eldiariodesanpedro.com.ar\/sitio\/?p=114832"},"modified":"2023-02-08T11:58:51","modified_gmt":"2023-02-08T14:58:51","slug":"ciclo-de-cine-bajo-las-estrellas","status":"publish","type":"post","link":"https:\/\/eldiariodesanpedro.com.ar\/sitio\/ciclo-de-cine-bajo-las-estrellas\/","title":{"rendered":"Ciclo de cine bajo las estrellas"},"content":{"rendered":"<!-- VideographyWP Plugin Message: Automatic video embedding prevented by plugin options. -->\n\n<p>Contin\u00faa el ciclo de cine que impulsa la Secretar\u00eda de Turismo y Cultura con proyecciones durante todos los mi\u00e9rcoles de febrero en Plaza Belgrano como parte de las actividades propuestas durante el desarrollo de la temporada 2023.<\/p>\n\n\n\n<p>La Proyecci\u00f3n se suspende en caso de que el clima no permita su desarrollo.<\/p>\n\n\n\n<p>Este mi\u00e9rcoles 8 de febrero a las 20.30 hs. se proyecta la pel\u00edcula \u201cHoy se arregla el mundo\u00bb: David, productor de televisi\u00f3n, descubre que no es el padre de su hijo de 9 a\u00f1os, Benito, a quien est\u00e1 muy unido. No obstante, le promete al peque\u00f1o que encontrar\u00e1 a su verdadero padre y, juntos, se embarcan en una aventura inolvidable.<\/p>\n\n\n\n<figure class=\"wp-block-image size-full\"><img decoding=\"async\" width=\"630\" height=\"630\" data-attachment-id=\"114833\" data-permalink=\"https:\/\/eldiariodesanpedro.com.ar\/sitio\/ciclo-de-cine-bajo-las-estrellas\/whatsapp-image-2023-02-08-at-11-50-27\/\" data-orig-file=\"https:\/\/eldiariodesanpedro.com.ar\/sitio\/wp-content\/uploads\/2023\/02\/WhatsApp-Image-2023-02-08-at-11.50.27.jpeg\" data-orig-size=\"630,630\" data-comments-opened=\"0\" data-image-meta=\"{&quot;aperture&quot;:&quot;0&quot;,&quot;credit&quot;:&quot;&quot;,&quot;camera&quot;:&quot;&quot;,&quot;caption&quot;:&quot;&quot;,&quot;created_timestamp&quot;:&quot;0&quot;,&quot;copyright&quot;:&quot;&quot;,&quot;focal_length&quot;:&quot;0&quot;,&quot;iso&quot;:&quot;0&quot;,&quot;shutter_speed&quot;:&quot;0&quot;,&quot;title&quot;:&quot;&quot;,&quot;orientation&quot;:&quot;0&quot;}\" data-image-title=\"WhatsApp-Image-2023-02-08-at-11.50.27\" data-image-description=\"\" data-image-caption=\"\" data-large-file=\"https:\/\/eldiariodesanpedro.com.ar\/sitio\/wp-content\/uploads\/2023\/02\/WhatsApp-Image-2023-02-08-at-11.50.27.jpeg\" data-src=\"https:\/\/eldiariodesanpedro.com.ar\/sitio\/wp-content\/uploads\/2023\/02\/WhatsApp-Image-2023-02-08-at-11.50.27.jpeg\" alt=\"\" class=\"wp-image-114833 lazyload\" data-srcset=\"https:\/\/eldiariodesanpedro.com.ar\/sitio\/wp-content\/uploads\/2023\/02\/WhatsApp-Image-2023-02-08-at-11.50.27.jpeg 630w, https:\/\/eldiariodesanpedro.com.ar\/sitio\/wp-content\/uploads\/2023\/02\/WhatsApp-Image-2023-02-08-at-11.50.27-300x300.jpeg 300w, https:\/\/eldiariodesanpedro.com.ar\/sitio\/wp-content\/uploads\/2023\/02\/WhatsApp-Image-2023-02-08-at-11.50.27-150x150.jpeg 150w\" data-sizes=\"(max-width: 630px) 100vw, 630px\" src=\"data:image\/svg+xml;base64,PHN2ZyB3aWR0aD0iMSIgaGVpZ2h0PSIxIiB4bWxucz0iaHR0cDovL3d3dy53My5vcmcvMjAwMC9zdmciPjwvc3ZnPg==\" style=\"--smush-placeholder-width: 630px; --smush-placeholder-aspect-ratio: 630\/630;\" \/><\/figure>\n","protected":false},"excerpt":{"rendered":"<p>Contin\u00faa el ciclo de cine que impulsa la Secretar\u00eda de Turismo y Cultura con proyecciones durante todos los mi\u00e9rcoles de febrero en Plaza Belgrano como parte de las actividades propuestas durante el desarrollo de la temporada 2023. La Proyecci\u00f3n se suspende en caso de que el clima no permita su desarrollo. Este mi\u00e9rcoles 8 de [&hellip;]<\/p>\n","protected":false},"author":4,"featured_media":114439,"comment_status":"closed","ping_status":"closed","sticky":false,"template":"","format":"standard","meta":{"om_disable_all_campaigns":false,"_jetpack_memberships_contains_paid_content":false,"footnotes":""},"categories":[101,2],"tags":[197,696,33,19],"class_list":["post-114832","post","type-post","status-publish","format-standard","has-post-thumbnail","hentry","category-interes-general-locales","category-locales","tag-buenos-aires","tag-interes-general","tag-locales","tag-san-pedro"],"aioseo_notices":[],"gutentor_comment":0,"jetpack_featured_media_url":"https:\/\/eldiariodesanpedro.com.ar\/sitio\/wp-content\/uploads\/2023\/01\/CINEE.jpg","jetpack_shortlink":"https:\/\/wp.me\/p6RhLt-tS8","jetpack_sharing_enabled":true,"_links":{"self":[{"href":"https:\/\/eldiariodesanpedro.com.ar\/sitio\/wp-json\/wp\/v2\/posts\/114832","targetHints":{"allow":["GET"]}}],"collection":[{"href":"https:\/\/eldiariodesanpedro.com.ar\/sitio\/wp-json\/wp\/v2\/posts"}],"about":[{"href":"https:\/\/eldiariodesanpedro.com.ar\/sitio\/wp-json\/wp\/v2\/types\/post"}],"author":[{"embeddable":true,"href":"https:\/\/eldiariodesanpedro.com.ar\/sitio\/wp-json\/wp\/v2\/users\/4"}],"replies":[{"embeddable":true,"href":"https:\/\/eldiariodesanpedro.com.ar\/sitio\/wp-json\/wp\/v2\/comments?post=114832"}],"version-history":[{"count":1,"href":"https:\/\/eldiariodesanpedro.com.ar\/sitio\/wp-json\/wp\/v2\/posts\/114832\/revisions"}],"predecessor-version":[{"id":114834,"href":"https:\/\/eldiariodesanpedro.com.ar\/sitio\/wp-json\/wp\/v2\/posts\/114832\/revisions\/114834"}],"wp:featuredmedia":[{"embeddable":true,"href":"https:\/\/eldiariodesanpedro.com.ar\/sitio\/wp-json\/wp\/v2\/media\/114439"}],"wp:attachment":[{"href":"https:\/\/eldiariodesanpedro.com.ar\/sitio\/wp-json\/wp\/v2\/media?parent=114832"}],"wp:term":[{"taxonomy":"category","embeddable":true,"href":"https:\/\/eldiariodesanpedro.com.ar\/sitio\/wp-json\/wp\/v2\/categories?post=114832"},{"taxonomy":"post_tag","embeddable":true,"href":"https:\/\/eldiariodesanpedro.com.ar\/sitio\/wp-json\/wp\/v2\/tags?post=114832"}],"curies":[{"name":"wp","href":"https:\/\/api.w.org\/{rel}","templated":true}]}}