{"id":114829,"date":"2023-02-08T11:36:41","date_gmt":"2023-02-08T14:36:41","guid":{"rendered":"https:\/\/eldiariodesanpedro.com.ar\/sitio\/?p=114829"},"modified":"2023-02-08T11:36:42","modified_gmt":"2023-02-08T14:36:42","slug":"un-joven-que-circulaba-con-un-cuchillo-fue-aprendido-en-santa-lucia","status":"publish","type":"post","link":"https:\/\/eldiariodesanpedro.com.ar\/sitio\/un-joven-que-circulaba-con-un-cuchillo-fue-aprendido-en-santa-lucia\/","title":{"rendered":"Un joven que circulaba con un cuchillo fue aprendido en Santa Lucia"},"content":{"rendered":"<!-- VideographyWP Plugin Message: Automatic video embedding prevented by plugin options. -->\n\n<p>En el d\u00eda de ayer lunes el personal del destacamento de Santa Lucia en calle indio argentino y acceso Sta. Lucia, proceden a la aprehensi\u00f3n de un ciudadano de 21 a\u00f1os quien portaba arma blanca en v\u00eda p\u00fablica.<\/p>\n\n\n\n<p>&nbsp;Interviniendo el Juzgado Paz Local disponiendo la notificaci\u00f3n de la causa, posterior libertad.-<\/p>\n","protected":false},"excerpt":{"rendered":"<p>En el d\u00eda de ayer lunes el personal del destacamento de Santa Lucia en calle indio argentino y acceso Sta. Lucia, proceden a la aprehensi\u00f3n de un ciudadano de 21 a\u00f1os quien portaba arma blanca en v\u00eda p\u00fablica. &nbsp;Interviniendo el Juzgado Paz Local disponiendo la notificaci\u00f3n de la causa, posterior libertad.-<\/p>\n","protected":false},"author":4,"featured_media":114830,"comment_status":"closed","ping_status":"closed","sticky":false,"template":"","format":"standard","meta":{"om_disable_all_campaigns":false,"_jetpack_memberships_contains_paid_content":false,"footnotes":""},"categories":[2,103],"tags":[197,33,95,19],"class_list":["post-114829","post","type-post","status-publish","format-standard","has-post-thumbnail","hentry","category-locales","category-policiales-locales","tag-buenos-aires","tag-locales","tag-policiales","tag-san-pedro"],"aioseo_notices":[],"gutentor_comment":0,"jetpack_featured_media_url":"https:\/\/eldiariodesanpedro.com.ar\/sitio\/wp-content\/uploads\/2023\/02\/medida-2-2.jpg","jetpack_shortlink":"https:\/\/wp.me\/p6RhLt-tS5","jetpack_sharing_enabled":true,"_links":{"self":[{"href":"https:\/\/eldiariodesanpedro.com.ar\/sitio\/wp-json\/wp\/v2\/posts\/114829","targetHints":{"allow":["GET"]}}],"collection":[{"href":"https:\/\/eldiariodesanpedro.com.ar\/sitio\/wp-json\/wp\/v2\/posts"}],"about":[{"href":"https:\/\/eldiariodesanpedro.com.ar\/sitio\/wp-json\/wp\/v2\/types\/post"}],"author":[{"embeddable":true,"href":"https:\/\/eldiariodesanpedro.com.ar\/sitio\/wp-json\/wp\/v2\/users\/4"}],"replies":[{"embeddable":true,"href":"https:\/\/eldiariodesanpedro.com.ar\/sitio\/wp-json\/wp\/v2\/comments?post=114829"}],"version-history":[{"count":1,"href":"https:\/\/eldiariodesanpedro.com.ar\/sitio\/wp-json\/wp\/v2\/posts\/114829\/revisions"}],"predecessor-version":[{"id":114831,"href":"https:\/\/eldiariodesanpedro.com.ar\/sitio\/wp-json\/wp\/v2\/posts\/114829\/revisions\/114831"}],"wp:featuredmedia":[{"embeddable":true,"href":"https:\/\/eldiariodesanpedro.com.ar\/sitio\/wp-json\/wp\/v2\/media\/114830"}],"wp:attachment":[{"href":"https:\/\/eldiariodesanpedro.com.ar\/sitio\/wp-json\/wp\/v2\/media?parent=114829"}],"wp:term":[{"taxonomy":"category","embeddable":true,"href":"https:\/\/eldiariodesanpedro.com.ar\/sitio\/wp-json\/wp\/v2\/categories?post=114829"},{"taxonomy":"post_tag","embeddable":true,"href":"https:\/\/eldiariodesanpedro.com.ar\/sitio\/wp-json\/wp\/v2\/tags?post=114829"}],"curies":[{"name":"wp","href":"https:\/\/api.w.org\/{rel}","templated":true}]}}