{"id":114825,"date":"2023-02-08T11:29:14","date_gmt":"2023-02-08T14:29:14","guid":{"rendered":"https:\/\/eldiariodesanpedro.com.ar\/sitio\/?p=114825"},"modified":"2023-02-08T11:29:16","modified_gmt":"2023-02-08T14:29:16","slug":"una-detencion-de-un-ciudadano-en-el-barrio-la-tosquera","status":"publish","type":"post","link":"https:\/\/eldiariodesanpedro.com.ar\/sitio\/una-detencion-de-un-ciudadano-en-el-barrio-la-tosquera\/","title":{"rendered":"Una detenci\u00f3n de un ciudadano en el Barrio La Tosquera"},"content":{"rendered":"<!-- VideographyWP Plugin Message: Automatic video embedding prevented by plugin options. -->\n\n<p>En el d\u00eda de ayer lunes promediando las 19 horas el personal policial de GTO de esta dependencia, en conjunto con personal del Destacamento la Tosquera, bajo la intervenci\u00f3n de Jugado de Ejecuci\u00f3n Penal Departamental San Nicol\u00e1s, en Barrio la Tosquera,&nbsp; proceden a &nbsp;la detenci\u00f3n de un ciudadano de 29 a\u00f1os.<\/p>\n\n\n\n<p>Quedando alojado en dependencia policial, a disposici\u00f3n de dicho magistrado.<\/p>\n","protected":false},"excerpt":{"rendered":"<p>En el d\u00eda de ayer lunes promediando las 19 horas el personal policial de GTO de esta dependencia, en conjunto con personal del Destacamento la Tosquera, bajo la intervenci\u00f3n de Jugado de Ejecuci\u00f3n Penal Departamental San Nicol\u00e1s, en Barrio la Tosquera,&nbsp; proceden a &nbsp;la detenci\u00f3n de un ciudadano de 29 a\u00f1os. Quedando alojado en dependencia [&hellip;]<\/p>\n","protected":false},"author":4,"featured_media":114826,"comment_status":"closed","ping_status":"closed","sticky":false,"template":"","format":"standard","meta":{"om_disable_all_campaigns":false,"_jetpack_memberships_contains_paid_content":false,"footnotes":""},"categories":[2,103],"tags":[197,33,95,19],"class_list":["post-114825","post","type-post","status-publish","format-standard","has-post-thumbnail","hentry","category-locales","category-policiales-locales","tag-buenos-aires","tag-locales","tag-policiales","tag-san-pedro"],"aioseo_notices":[],"gutentor_comment":0,"jetpack_featured_media_url":"https:\/\/eldiariodesanpedro.com.ar\/sitio\/wp-content\/uploads\/2023\/02\/medida-2-1.jpg","jetpack_shortlink":"https:\/\/wp.me\/p6RhLt-tS1","jetpack_sharing_enabled":true,"_links":{"self":[{"href":"https:\/\/eldiariodesanpedro.com.ar\/sitio\/wp-json\/wp\/v2\/posts\/114825","targetHints":{"allow":["GET"]}}],"collection":[{"href":"https:\/\/eldiariodesanpedro.com.ar\/sitio\/wp-json\/wp\/v2\/posts"}],"about":[{"href":"https:\/\/eldiariodesanpedro.com.ar\/sitio\/wp-json\/wp\/v2\/types\/post"}],"author":[{"embeddable":true,"href":"https:\/\/eldiariodesanpedro.com.ar\/sitio\/wp-json\/wp\/v2\/users\/4"}],"replies":[{"embeddable":true,"href":"https:\/\/eldiariodesanpedro.com.ar\/sitio\/wp-json\/wp\/v2\/comments?post=114825"}],"version-history":[{"count":1,"href":"https:\/\/eldiariodesanpedro.com.ar\/sitio\/wp-json\/wp\/v2\/posts\/114825\/revisions"}],"predecessor-version":[{"id":114827,"href":"https:\/\/eldiariodesanpedro.com.ar\/sitio\/wp-json\/wp\/v2\/posts\/114825\/revisions\/114827"}],"wp:featuredmedia":[{"embeddable":true,"href":"https:\/\/eldiariodesanpedro.com.ar\/sitio\/wp-json\/wp\/v2\/media\/114826"}],"wp:attachment":[{"href":"https:\/\/eldiariodesanpedro.com.ar\/sitio\/wp-json\/wp\/v2\/media?parent=114825"}],"wp:term":[{"taxonomy":"category","embeddable":true,"href":"https:\/\/eldiariodesanpedro.com.ar\/sitio\/wp-json\/wp\/v2\/categories?post=114825"},{"taxonomy":"post_tag","embeddable":true,"href":"https:\/\/eldiariodesanpedro.com.ar\/sitio\/wp-json\/wp\/v2\/tags?post=114825"}],"curies":[{"name":"wp","href":"https:\/\/api.w.org\/{rel}","templated":true}]}}